{"id":55340,"date":"2023-05-16T20:41:03","date_gmt":"2023-05-17T01:41:03","guid":{"rendered":"http:\/\/www.zonaroja.com.mx\/?p=55340"},"modified":"2023-05-16T20:41:05","modified_gmt":"2023-05-17T01:41:05","slug":"denuncian-adeudos-de-ieepo-a-becarios-indigenas-de-la-upn","status":"publish","type":"post","link":"https:\/\/zonaroja.com.mx\/?p=55340","title":{"rendered":"Denuncian adeudos de IEEPO a becarios ind\u00edgenas de la UPN"},"content":{"rendered":"\n<p>Yuridiana Sosa\/Zona Roja.<\/p>\n\n\n\n<p>Oaxaca de Ju\u00e1rez, Oax., a 16 de mayo de 2023.- Desde hace seis meses, el Instituto Estatal de Educaci\u00f3n P\u00fablica de Oaxaca (IEEPO) suspendi\u00f3 los pagos para los becarios incorporados al pro gama Estrategia Nacional de Iniciaci\u00f3n a la Docencia en el Medio Ind\u00edgena (ENIDMI), sin que hasta ahora la nueva administraci\u00f3n a cargo de Emilio Montero se haga responsable.<\/p>\n\n\n\n<p>Los afectados se\u00f1alaron que con el pretexto del cambio de administraci\u00f3n estatal, en noviembre de 2022 se suspendi\u00f3 el pago, sin embargo, el actual gobierno ha desatendido el problema, mismo que afecta a unos 300 becarios&nbsp;<\/p>\n\n\n\n<p>que estudian en la Universidad Pedag\u00f3gica Nacional (UPN).<\/p>\n\n\n\n<p>Uno de los becarios, Antonio Lorenzo Miguel, apunt\u00f3 que en el a\u00f1o 2020 se incorporaron al programa unos 400 alumnos hablantes de lenguas originarias y sus variantes para realizar labores educativas comunidades ind\u00edgenas que anteriormente ten\u00edan rezago de docentes.<\/p>\n\n\n\n<p>Pero debido a la falta de pagos cerca de un centenar dej\u00f3 la carrera, pues tambi\u00e9n les prometieron que a mitad de la carrera les dar\u00edan basificaci\u00f3n, de lo cual tampoco hay avances.<\/p>\n\n\n\n<p>Los afectados cuestionaron el curso del dinero de las becas, pues si el gobierno ya no debe pagar cerca de 100 becas porqu\u00e9 se mantiene el rezago en los pagos, los cuales rondan en los cuatro mil 500 mensuales.<\/p>\n\n\n\n<p>Ante esta situaci\u00f3n, recurrieron a la Secci\u00f3n 22 del SNTE, quien ya incluy\u00f3 en su pliego de demandadas esta problem\u00e1tica.<\/p>\n\n\n\n<figure class=\"wp-block-embed is-type-rich is-provider-twitter wp-block-embed-twitter\"><div class=\"wp-block-embed__wrapper\">\n<div class=\"twitter-tweet\"><blockquote class=\"twitter-tweet\" data-lang=\"es\"><p lang=\"es\" dir=\"ltr\">Becarios que estudian en la Universidad Pedag\u00f3gica Nacional (UPN) denuncian que el <a href=\"https:\/\/twitter.com\/IEEPOGobOax?ref_src=twsrc%5Etfw\">@IEEPOGobOax<\/a> <a href=\"https:\/\/twitter.com\/GobOax?ref_src=twsrc%5Etfw\">@GobOax<\/a> les debe medio a\u00f1o de apoyos, por labores educativas que realizan en comunidades ind\u00edgenas; ya tienen el respaldo de la Secci\u00f3n 22 del SNTE. <a href=\"https:\/\/t.co\/WftyiL42Qg\">pic.twitter.com\/WftyiL42Qg<\/a><\/p>&mdash; Zona Roja Oaxaca (@ZonaRoja_Oaxaca) <a href=\"https:\/\/twitter.com\/ZonaRoja_Oaxaca\/status\/1658599611370557441?ref_src=twsrc%5Etfw\">16 de mayo de 2023<\/a><\/blockquote><\/div>\n<\/div><\/figure>\n","protected":false},"excerpt":{"rendered":"<p>Yuridiana Sosa\/Zona Roja. Oaxaca de Ju\u00e1rez, Oax., a 16 de mayo de 2023.- Desde hace&hellip;<\/p>\n","protected":false},"author":2,"featured_media":55333,"comment_status":"closed","ping_status":"open","sticky":false,"template":"","format":"standard","meta":{"_lmt_disableupdate":"","_lmt_disable":"","_jetpack_memberships_contains_paid_content":false,"footnotes":""},"categories":[109,47],"tags":[2837],"class_list":["post-55340","post","type-post","status-publish","format-standard","has-post-thumbnail","hentry","category-minuto-a-minuto","category-zona-gris","tag-instituto-estatal-de-educacion-publica-de-oaxaca-ieepo"],"jetpack_featured_media_url":"https:\/\/zonaroja.com.mx\/wp-content\/uploads\/2023\/05\/Conferencia-de-prensa-becarios-UPN-Oaxaca.jpg","jetpack_sharing_enabled":true,"_links":{"self":[{"href":"https:\/\/zonaroja.com.mx\/index.php?rest_route=\/wp\/v2\/posts\/55340","targetHints":{"allow":["GET"]}}],"collection":[{"href":"https:\/\/zonaroja.com.mx\/index.php?rest_route=\/wp\/v2\/posts"}],"about":[{"href":"https:\/\/zonaroja.com.mx\/index.php?rest_route=\/wp\/v2\/types\/post"}],"author":[{"embeddable":true,"href":"https:\/\/zonaroja.com.mx\/index.php?rest_route=\/wp\/v2\/users\/2"}],"replies":[{"embeddable":true,"href":"https:\/\/zonaroja.com.mx\/index.php?rest_route=%2Fwp%2Fv2%2Fcomments&post=55340"}],"version-history":[{"count":1,"href":"https:\/\/zonaroja.com.mx\/index.php?rest_route=\/wp\/v2\/posts\/55340\/revisions"}],"predecessor-version":[{"id":55341,"href":"https:\/\/zonaroja.com.mx\/index.php?rest_route=\/wp\/v2\/posts\/55340\/revisions\/55341"}],"wp:featuredmedia":[{"embeddable":true,"href":"https:\/\/zonaroja.com.mx\/index.php?rest_route=\/wp\/v2\/media\/55333"}],"wp:attachment":[{"href":"https:\/\/zonaroja.com.mx\/index.php?rest_route=%2Fwp%2Fv2%2Fmedia&parent=55340"}],"wp:term":[{"taxonomy":"category","embeddable":true,"href":"https:\/\/zonaroja.com.mx\/index.php?rest_route=%2Fwp%2Fv2%2Fcategories&post=55340"},{"taxonomy":"post_tag","embeddable":true,"href":"https:\/\/zonaroja.com.mx\/index.php?rest_route=%2Fwp%2Fv2%2Ftags&post=55340"}],"curies":[{"name":"wp","href":"https:\/\/api.w.org\/{rel}","templated":true}]}}