{"id":55352,"date":"2023-05-17T09:23:00","date_gmt":"2023-05-17T14:23:00","guid":{"rendered":"http:\/\/www.zonaroja.com.mx\/?p=55352"},"modified":"2023-05-17T08:36:14","modified_gmt":"2023-05-17T13:36:14","slug":"vence-cnte-a-amlo-en-educacion-indigena-en-oaxaca-seguiran-plantones","status":"publish","type":"post","link":"https:\/\/zonaroja.com.mx\/?p=55352","title":{"rendered":"Vence CNTE a AMLO en educaci\u00f3n ind\u00edgena; en Oaxaca, seguir\u00e1n \u201cplantones\u201d"},"content":{"rendered":"\n<p>Ismael Garc\u00eda M.\/Zona Roja.<\/p>\n\n\n\n<p>Oaxaca de Ju\u00e1rez, Oax., a 17 de mayo de 2023.- Tras intentar ingresar de manera violenta al Palacio Nacional, para intervenir en la conferencia del Presidente Andr\u00e9s Manuel L\u00f3pez Obrador, la Coordinadora Nacional de Trabajadores de la Educaci\u00f3n (CNTE) logr\u00f3 que el Ejecutivo y el Legislativo federal desistieran transferir el nivel de educaci\u00f3n ind\u00edgena.<\/p>\n\n\n\n<p>Desde temprana hora de ayer, docentes de diversos estados, entre ellos Oaxaca, participaron en la protesta para exigir di\u00e1logo al mandatario mexicano y para entregar el pliego petitorio, que les negaron recibir el 1 de mayo; ante ello, arribaron cientos de polic\u00edas capitalinos.<\/p>\n\n\n\n<p>Finalmente una comisi\u00f3n fue recibida m\u00e1s tarde por la Secretar\u00eda de Gobernaci\u00f3n, donde les confirmaron que la iniciativa de transferir el nivel ind\u00edgena de la Secretar\u00eda de Educaci\u00f3n P\u00fablica al Instituto Nacional de Pueblos Ind\u00edgenas, fue cancelado.<\/p>\n\n\n\n<p>No obstante, continuar\u00e1n las mesas de di\u00e1logo a fin de que atiendan diversas demandas, entre ellas la abrogaci\u00f3n de la reforma educativa del 2015, la cual, seg\u00fan el Presidente L\u00f3pez Obrador, ya se hizo.<\/p>\n\n\n\n<p>En la reuni\u00f3n en el Palacio de Cobi\u00e1n estuvieron el subsecretario de Desarrollo Democr\u00e1tico, Participaci\u00f3n Social y Asuntos Religiosos de Gobernaci\u00f3n, C\u00e9sar Y\u00e1\u00f1ez; la titular de la SEP, Leticia Ram\u00edrez; el gobernador de Oaxaca, Salom\u00f3n Jara; el director general del Instituto Estatal de Educaci\u00f3n P\u00fablica de Oaxaca, Emilio Montero; el coordinador de Morena en la C\u00e1mara de Diputados, Ignacio Mier, y la diputada Flora Tania Cruz.<\/p>\n\n\n\n<p>SEGUIR\u00c1N PROTESTAS<\/p>\n\n\n\n<p>En el estado de Oaxaca, este martes reanudan las clases en el nivel de educaci\u00f3n b\u00e1sica, luego de las protestas del lunes y martes, que incluyeron un \u201cplant\u00f3n\u201d en el Centro Hist\u00f3rico y en el acceso al Aeropuerto Internacional.<\/p>\n\n\n\n<p>En ambas fechas, ninguna autoridad del gobierno de Salom\u00f3n Jara Cruz los atendi\u00f3, por lo cual determinaron continuar con sus movilizaciones la pr\u00f3xima semana.<\/p>\n\n\n\n<p>Desde ayer mismo, anunciaron que los d\u00edas 22 y 23 de mayo habr\u00e1 otros dos d\u00edas de paro de labores y protestas, que incluyen \u201cplantones\u201d; los d\u00edas de movilizaciones se ir\u00e1n incrementando hasta llegar, en su caso, al paro indefinido.<\/p>\n\n\n\n<p>Por la tarde de ayer se retiraron ambas manifestaciones, en el centro de la ciudad y en el acceso al aeropuerto, y este martes se reincorporan a sus actividades.<\/p>\n\n\n\n<p>Pero la Asamblea Estatal se mantiene en receso, por lo cual podr\u00eda sesionar en cualquier momento, a fin de tomar acuerdos sobre nuevas medidas de presi\u00f3n.<\/p>\n","protected":false},"excerpt":{"rendered":"<p>Ismael Garc\u00eda M.\/Zona Roja. Oaxaca de Ju\u00e1rez, Oax., a 17 de mayo de 2023.- Tras&hellip;<\/p>\n","protected":false},"author":2,"featured_media":55353,"comment_status":"closed","ping_status":"open","sticky":false,"template":"","format":"standard","meta":{"_lmt_disableupdate":"","_lmt_disable":"","_jetpack_memberships_contains_paid_content":false,"footnotes":""},"categories":[109,47],"tags":[312],"class_list":["post-55352","post","type-post","status-publish","format-standard","has-post-thumbnail","hentry","category-minuto-a-minuto","category-zona-gris","tag-seccion-22-del-snte"],"jetpack_featured_media_url":"https:\/\/zonaroja.com.mx\/wp-content\/uploads\/2023\/05\/Planton-Seccion-22-Oaxaca.jpg","jetpack_sharing_enabled":true,"_links":{"self":[{"href":"https:\/\/zonaroja.com.mx\/index.php?rest_route=\/wp\/v2\/posts\/55352","targetHints":{"allow":["GET"]}}],"collection":[{"href":"https:\/\/zonaroja.com.mx\/index.php?rest_route=\/wp\/v2\/posts"}],"about":[{"href":"https:\/\/zonaroja.com.mx\/index.php?rest_route=\/wp\/v2\/types\/post"}],"author":[{"embeddable":true,"href":"https:\/\/zonaroja.com.mx\/index.php?rest_route=\/wp\/v2\/users\/2"}],"replies":[{"embeddable":true,"href":"https:\/\/zonaroja.com.mx\/index.php?rest_route=%2Fwp%2Fv2%2Fcomments&post=55352"}],"version-history":[{"count":1,"href":"https:\/\/zonaroja.com.mx\/index.php?rest_route=\/wp\/v2\/posts\/55352\/revisions"}],"predecessor-version":[{"id":55354,"href":"https:\/\/zonaroja.com.mx\/index.php?rest_route=\/wp\/v2\/posts\/55352\/revisions\/55354"}],"wp:featuredmedia":[{"embeddable":true,"href":"https:\/\/zonaroja.com.mx\/index.php?rest_route=\/wp\/v2\/media\/55353"}],"wp:attachment":[{"href":"https:\/\/zonaroja.com.mx\/index.php?rest_route=%2Fwp%2Fv2%2Fmedia&parent=55352"}],"wp:term":[{"taxonomy":"category","embeddable":true,"href":"https:\/\/zonaroja.com.mx\/index.php?rest_route=%2Fwp%2Fv2%2Fcategories&post=55352"},{"taxonomy":"post_tag","embeddable":true,"href":"https:\/\/zonaroja.com.mx\/index.php?rest_route=%2Fwp%2Fv2%2Ftags&post=55352"}],"curies":[{"name":"wp","href":"https:\/\/api.w.org\/{rel}","templated":true}]}}