{"id":55359,"date":"2023-05-17T11:08:00","date_gmt":"2023-05-17T16:08:00","guid":{"rendered":"http:\/\/www.zonaroja.com.mx\/?p=55359"},"modified":"2023-05-17T09:09:48","modified_gmt":"2023-05-17T14:09:48","slug":"sigue-desaparecido-la-mayoria-de-migrantes-secuestrados-en-san-luis-potosi","status":"publish","type":"post","link":"https:\/\/zonaroja.com.mx\/?p=55359","title":{"rendered":"Sigue desaparecido la mayor\u00eda de migrantes secuestrados en San Luis Potos\u00ed"},"content":{"rendered":"\n<p>Redacci\u00f3n\/Zona Roja Cdmx.<\/p>\n\n\n\n<p>Ciudad de M\u00e9xico, a 17 de mayo de 2023.- Luego de que se report\u00f3 el secuestro de 52 personas, entre ellas 50 migrantes, que salieron a bordo de un autob\u00fas desde el estado de San Luis Potos\u00ed con destino a Nuevo Le\u00f3n, el secretario de Seguridad de esta \u00faltima entidad, Gerardo Palacios P\u00e1manez, inform\u00f3 que ya se localizaron con vida a un grupo de estos extranjeros.<\/p>\n\n\n\n<p>A trav\u00e9s de su cuenta de Twitter, el funcionario se\u00f1al\u00f3 que la Guardia Nacional confirm\u00f3 el hallazgo y que los migrantes lograron ponerse a salvo escapando de sus captores al internarse en territorio neoleon\u00e9s.<\/p>\n\n\n\n<p>\u201cLa polic\u00eda estatal Fuerza Civil ha logrado localizar a cielo abierto y auxiliar a varias personas extranjeras que en primeras entrevistas confirman esta informaci\u00f3n (que proven\u00edan de San Luis Potos\u00ed\u201d<\/p>\n\n\n\n<p>\u201cNo omito mencionar que la Guardia Nacional basa su afirmaci\u00f3n en un rastreo satelital que arroja datos incontrovertibles\u201d, agreg\u00f3.<\/p>\n\n\n\n<p>En el mismo sentido, la Fiscal\u00eda General de Justicia de Nuevo Le\u00f3n dio a conocer que \u201cse tiene informaci\u00f3n de que durante la madrugada del 15 de Mayo del 2023, el propietario de un autob\u00fas que transportaba a un grupo de migrantes extranjeros tuvo conocimiento mediante la localizaci\u00f3n del GPS del veh\u00edculo, que en el estado de San Luis Potos\u00ed \u00e9ste se hab\u00eda salido de su ruta permaneciendo inm\u00f3vil durante 30 minutos y que los pasajeros hab\u00edan sido privados de la libertad por individuos armados y encapuchados\u201d.<\/p>\n\n\n\n<p>A ra\u00edz de estos hechos, se\u00f1al\u00f3 la fiscal\u00eda estatal, el due\u00f1o del autob\u00fas present\u00f3 en San Luis Potos\u00ed una denuncia por el robo de la unidad. Finalmente asent\u00f3 la instituci\u00f3n aut\u00f3noma que contin\u00faa en colaboraci\u00f3n con la autoridad del vecino estado con relaci\u00f3n a este caso.<\/p>\n\n\n\n<p>(Informaci\u00f3n de Infobae M\u00e9xico)<\/p>\n","protected":false},"excerpt":{"rendered":"<p>Redacci\u00f3n\/Zona Roja Cdmx. Ciudad de M\u00e9xico, a 17 de mayo de 2023.- Luego de que&hellip;<\/p>\n","protected":false},"author":2,"featured_media":55360,"comment_status":"closed","ping_status":"open","sticky":false,"template":"","format":"standard","meta":{"_lmt_disableupdate":"","_lmt_disable":"","_jetpack_memberships_contains_paid_content":false,"footnotes":""},"categories":[109,47],"tags":[3491],"class_list":["post-55359","post","type-post","status-publish","format-standard","has-post-thumbnail","hentry","category-minuto-a-minuto","category-zona-gris","tag-san-luis-potosi"],"jetpack_featured_media_url":"https:\/\/zonaroja.com.mx\/wp-content\/uploads\/2023\/05\/Autbus-migrantes.jpeg","jetpack_sharing_enabled":true,"_links":{"self":[{"href":"https:\/\/zonaroja.com.mx\/index.php?rest_route=\/wp\/v2\/posts\/55359","targetHints":{"allow":["GET"]}}],"collection":[{"href":"https:\/\/zonaroja.com.mx\/index.php?rest_route=\/wp\/v2\/posts"}],"about":[{"href":"https:\/\/zonaroja.com.mx\/index.php?rest_route=\/wp\/v2\/types\/post"}],"author":[{"embeddable":true,"href":"https:\/\/zonaroja.com.mx\/index.php?rest_route=\/wp\/v2\/users\/2"}],"replies":[{"embeddable":true,"href":"https:\/\/zonaroja.com.mx\/index.php?rest_route=%2Fwp%2Fv2%2Fcomments&post=55359"}],"version-history":[{"count":1,"href":"https:\/\/zonaroja.com.mx\/index.php?rest_route=\/wp\/v2\/posts\/55359\/revisions"}],"predecessor-version":[{"id":55361,"href":"https:\/\/zonaroja.com.mx\/index.php?rest_route=\/wp\/v2\/posts\/55359\/revisions\/55361"}],"wp:featuredmedia":[{"embeddable":true,"href":"https:\/\/zonaroja.com.mx\/index.php?rest_route=\/wp\/v2\/media\/55360"}],"wp:attachment":[{"href":"https:\/\/zonaroja.com.mx\/index.php?rest_route=%2Fwp%2Fv2%2Fmedia&parent=55359"}],"wp:term":[{"taxonomy":"category","embeddable":true,"href":"https:\/\/zonaroja.com.mx\/index.php?rest_route=%2Fwp%2Fv2%2Fcategories&post=55359"},{"taxonomy":"post_tag","embeddable":true,"href":"https:\/\/zonaroja.com.mx\/index.php?rest_route=%2Fwp%2Fv2%2Ftags&post=55359"}],"curies":[{"name":"wp","href":"https:\/\/api.w.org\/{rel}","templated":true}]}}