{"id":55366,"date":"2023-05-17T14:32:37","date_gmt":"2023-05-17T19:32:37","guid":{"rendered":"http:\/\/www.zonaroja.com.mx\/?p=55366"},"modified":"2023-05-17T14:32:38","modified_gmt":"2023-05-17T19:32:38","slug":"responsabiliza-xochiltepec-a-textitlan-y-a-gobierno-de-cualquier-acto-violento-en-su-contra","status":"publish","type":"post","link":"https:\/\/zonaroja.com.mx\/?p=55366","title":{"rendered":"Responsabiliza Xochiltepec a Textitl\u00e1n y a gobierno de cualquier acto violento en su contra"},"content":{"rendered":"\n<p>Yuridiana Sosa\/Zona Roja.<\/p>\n\n\n\n<p>Oaxaca de Ju\u00e1rez, Oax., a 17 de mayo de 2023.- A casi 21 a\u00f1os de la masacre contra la agencia de Santiago Xochiltepec, por el conflicto de l\u00edmites de tierras, sus autoridades responsabilizan al gobierno municipal de Santiago Textitl\u00e1n y al gobierno de Oaxaca de revivir la tensi\u00f3n entre las poblaciones y de cualquier acto en contra de la comunidad y sus habitantes.<\/p>\n\n\n\n<p>Autoridades auxiliares de la agencia de Santiago Xochiltepec, Comisariado de Bienes Comunales y habitantes, encabezados por  Cirilo Garc\u00eda Santiago, se\u00f1alaron que su edil, Galdino V\u00e1squez, miente sobre las acusaciones en las que se\u00f1ala a dicha comunidad de iniciar un incendio parte de la zona de conflicto, la cual comprende de 470 hect\u00e1reas.<\/p>\n\n\n\n<p>El pasado 7 de mayo inici\u00f3 un incendio forestal en un paraje entre la comunidad de Textitl\u00e1n y Santa Mar\u00eda Zaniza, el cual para el 11 de mayo se extendi\u00f3 y lleg\u00f3 a los l\u00edmites entre Textitl\u00e1n y Xochiltepec, de lo que esta \u00faltima poblaci\u00f3n dijo no ser responsable. <\/p>\n\n\n\n<p>Las declaraciones del presidente municipal solo generan tensi\u00f3n en el municipio, y un hartazgo de la comunidad de Xochiltepec de siempre ser se\u00f1alados como los agresores de los diversos hechos violentos que se han registrado en los \u00faltimos a\u00f1os.<\/p>\n\n\n\n<p>El agente de Xochiltepec destac\u00f3 que el enojo de la autoridad municipal deriva desde hace varios a\u00f1os en la exigencia de dicha comunidad en recibir los recursos correspondientes del Ramo 33 y 28. <\/p>\n\n\n\n<figure class=\"wp-block-embed\"><div class=\"wp-block-embed__wrapper\">\n<div class=\"twitter-tweet\"><blockquote class=\"twitter-tweet\" data-lang=\"es\"><p lang=\"es\" dir=\"ltr\">Durante la conferencia, las autoridades de Xochiltepec responsabilizaron al gobierno de <a href=\"https:\/\/twitter.com\/salomonj?ref_src=twsrc%5Etfw\">@salomonj<\/a> de cualquier agresi\u00f3n en contra de sus pobladores, pues aseguraron que contin\u00faa el acoso y agresiones contra ellos por parte de Santiago Textitl\u00e1n. <a href=\"https:\/\/t.co\/P4cwI7Krn3\">pic.twitter.com\/P4cwI7Krn3<\/a><\/p>&mdash; Zona Roja Oaxaca (@ZonaRoja_Oaxaca) <a href=\"https:\/\/twitter.com\/ZonaRoja_Oaxaca\/status\/1658899462914285568?ref_src=twsrc%5Etfw\">17 de mayo de 2023<\/a><\/blockquote><\/div>\n<\/div><\/figure>\n\n\n\n<p>Desde el a\u00f1o 2017 Santiago Xochiltepec no recibe presupuestos para obras prioritarias, sin que el Gobierno del Estado logre hacer efectiva la exigencia de la agencia municipal, a la cual le pertenecen por lo menos 3.5 millones de pesos del Ramo 33, mientras que el dinero del Ramo 28 llega incompleto, de unos 43 mil pesos s\u00f3lo llegan 23 mil pesos, por lo que exigen a los gobiernos estatal y federal poner atenci\u00f3n a este problema.<\/p>\n\n\n\n<p>En abril, la cabecera Santiago Textitl\u00e1n se levant\u00f3 de la mesa de di\u00e1logo que sosten\u00edan en la Secretar\u00eda de Gobierno, donde abordaban el tema del presupuesto; ante el hecho, el gobierno estatal indic\u00f3 que volver\u00eda a citar para otro encuentro, pero hasta la fecha no se ha concretado, indic\u00f3 Cirilo Garc\u00eda.<\/p>\n\n\n\n<p>Hasta ahora, agreg\u00f3, en las mesas de di\u00e1logo no se ha abordado el tema del conflicto de l\u00edmites de tierras entre las comunidades, problema que el 31 de mayo de 2002 fue motivo de una emboscada por Textitl\u00e1n que dej\u00f3 como saldo 26 personas muertas de Xochiltepec.<\/p>\n\n\n\n<p>Por ese mismo l\u00edo, el 6 y 7 de octubre de 2022 se volvi\u00f3 a registrar otro hecho violento en el que se registraron disparos y la muerte de una persona de nombre Ernesto C.G., , por lo que la Defensor\u00eda de los Derechos Humanos del Pueblo de Oaxaca (DDHPO) &nbsp;solicit\u00f3 medidas cautelares para la comunidad.<\/p>\n\n\n\n<p>Previamente, en diciembre de 2020 ocurri\u00f3 otro ataque armado en la zona de conflicto.<\/p>\n","protected":false},"excerpt":{"rendered":"<p>Yuridiana Sosa\/Zona Roja. Oaxaca de Ju\u00e1rez, Oax., a 17 de mayo de 2023.- A casi&hellip;<\/p>\n","protected":false},"author":2,"featured_media":55365,"comment_status":"closed","ping_status":"open","sticky":false,"template":"","format":"standard","meta":{"_lmt_disableupdate":"","_lmt_disable":"","_jetpack_memberships_contains_paid_content":false,"footnotes":""},"categories":[109,47],"tags":[2307],"class_list":["post-55366","post","type-post","status-publish","format-standard","has-post-thumbnail","hentry","category-minuto-a-minuto","category-zona-gris","tag-santiago-xochiltepec"],"jetpack_featured_media_url":"https:\/\/zonaroja.com.mx\/wp-content\/uploads\/2023\/05\/59dd9efb-40e7-4e8c-b636-f2f28070aae2.jpg","jetpack_sharing_enabled":true,"_links":{"self":[{"href":"https:\/\/zonaroja.com.mx\/index.php?rest_route=\/wp\/v2\/posts\/55366","targetHints":{"allow":["GET"]}}],"collection":[{"href":"https:\/\/zonaroja.com.mx\/index.php?rest_route=\/wp\/v2\/posts"}],"about":[{"href":"https:\/\/zonaroja.com.mx\/index.php?rest_route=\/wp\/v2\/types\/post"}],"author":[{"embeddable":true,"href":"https:\/\/zonaroja.com.mx\/index.php?rest_route=\/wp\/v2\/users\/2"}],"replies":[{"embeddable":true,"href":"https:\/\/zonaroja.com.mx\/index.php?rest_route=%2Fwp%2Fv2%2Fcomments&post=55366"}],"version-history":[{"count":1,"href":"https:\/\/zonaroja.com.mx\/index.php?rest_route=\/wp\/v2\/posts\/55366\/revisions"}],"predecessor-version":[{"id":55367,"href":"https:\/\/zonaroja.com.mx\/index.php?rest_route=\/wp\/v2\/posts\/55366\/revisions\/55367"}],"wp:featuredmedia":[{"embeddable":true,"href":"https:\/\/zonaroja.com.mx\/index.php?rest_route=\/wp\/v2\/media\/55365"}],"wp:attachment":[{"href":"https:\/\/zonaroja.com.mx\/index.php?rest_route=%2Fwp%2Fv2%2Fmedia&parent=55366"}],"wp:term":[{"taxonomy":"category","embeddable":true,"href":"https:\/\/zonaroja.com.mx\/index.php?rest_route=%2Fwp%2Fv2%2Fcategories&post=55366"},{"taxonomy":"post_tag","embeddable":true,"href":"https:\/\/zonaroja.com.mx\/index.php?rest_route=%2Fwp%2Fv2%2Ftags&post=55366"}],"curies":[{"name":"wp","href":"https:\/\/api.w.org\/{rel}","templated":true}]}}