{"id":55368,"date":"2023-05-17T20:45:08","date_gmt":"2023-05-18T01:45:08","guid":{"rendered":"http:\/\/www.zonaroja.com.mx\/?p=55368"},"modified":"2023-05-17T20:45:13","modified_gmt":"2023-05-18T01:45:13","slug":"desmiente-atoyaquillo-a-sego-sobre-provocacion-de-ataque-de-zenzontepec","status":"publish","type":"post","link":"https:\/\/zonaroja.com.mx\/?p=55368","title":{"rendered":"Desmiente Atoyaquillo a Sego sobre provocaci\u00f3n de ataque de Zenzontepec"},"content":{"rendered":"\n<p>Yuridiana Sosa\/Zona Roja.<\/p>\n\n\n\n<p>Oaxaca de Ju\u00e1rez, Oax., a 17 de mayo de 2023.- Autoridades y habitantes de San Lucas Atoyaquillo, agencia de Santiago Ixtayutla, desmintieron a la Secretar\u00eda de Gobierno (Sego) de provocar el ataque armado de Santa Cruz Zenzontepec por supuestamente asistir a los l\u00edmites de conflicto a realizar trabajos sin autorizaci\u00f3n y del que result\u00f3 en la lesi\u00f3n armada y retenci\u00f3n de un polic\u00eda municipal.<\/p>\n\n\n\n<p>Los pobladores de Atoyaquillo se\u00f1alaron que los trabajos de topograf\u00eda que realizaron en su jurisdicci\u00f3n no est\u00e1 relacionado con el problema agrario de l\u00edmites de tierras, sino con otro proceso jur\u00eddico por invasi\u00f3n de predios a la agencia de Corral de Piedra, por parte de Zenzontepec.<\/p>\n\n\n\n<p>En conferencia en la capital, al desmentir la versi\u00f3n de la Secretar\u00eda de Gobierno que encabeza Jes\u00fas Romero, detallaron que como parte del tr\u00e1mite de la demanda de invasi\u00f3n acudieron a realizar el estudio topogr\u00e1fico sin invadir ning\u00fan \u00e1rea de sus vecinos y sin la intenci\u00f3n de provocar.<\/p>\n\n\n\n<p>Para dichas labores, agregaron, informaron con anticipaci\u00f3n al gobierno de Oaxaca para que con ayuda de la Guardia Nacional se brindara seguridad, pero no se concret\u00f3 la asistencia.<\/p>\n\n\n\n<p>Del ataque ocurrido el 12 de mayo, apuntaron, existen evidencias por medio de fotograf\u00edas que la poblaci\u00f3n tom\u00f3 desde el momento que sus vecinos incursionaron corriendo y armados por el lado de la agencia de Corral de Piedra, desde donde dispararon contra ellos.<\/p>\n\n\n\n<p>Por lo que reafirmaron que la defensa de su territorio continuar\u00e1, pero siempre por la v\u00eda legal y pac\u00edfica. Lamentaron asimismo que desde el d\u00eda de los hechos violentos a la fecha, el gobierno de Oaxaca no envi\u00f3 elementos de seguridad p\u00fablica para resguardar la zona.<\/p>\n\n\n\n<p>En ese sentido, destacaron su disposici\u00f3n de cumplir con los acuerdos para lograr la paz en la zona, los cuales firmaron junto con Santa Cruz Zenzontepec el 16 de mayo en la Secretar\u00eda de Gobierno.<\/p>\n\n\n\n<figure class=\"wp-block-embed is-type-rich is-provider-twitter wp-block-embed-twitter\"><div class=\"wp-block-embed__wrapper\">\n<div class=\"twitter-tweet\"><blockquote class=\"twitter-tweet\" data-lang=\"es\"><p lang=\"es\" dir=\"ltr\">En la capital oaxaque\u00f1a, las autoridades de San Lucas Atoyaquillo desmintieron a la <a href=\"https:\/\/twitter.com\/SEGO_Oax?ref_src=twsrc%5Etfw\">@SEGO_Oax<\/a> de haber provocado la agresi\u00f3n armada, el pasado 12 de mayo, por parte de Santa Cruz Zenzontepec.<br>Lamentaron que desde ese d\u00eda y hasta hoy, el <a href=\"https:\/\/twitter.com\/GobOax?ref_src=twsrc%5Etfw\">@goboax<\/a> <a href=\"https:\/\/twitter.com\/SSPC_GobOax?ref_src=twsrc%5Etfw\">@SSPC_GobOax<\/a> no haya brindado la\u2026 <a href=\"https:\/\/t.co\/3N09S4fJs5\">pic.twitter.com\/3N09S4fJs5<\/a><\/p>&mdash; Zona Roja Oaxaca (@ZonaRoja_Oaxaca) <a href=\"https:\/\/twitter.com\/ZonaRoja_Oaxaca\/status\/1658915515786579968?ref_src=twsrc%5Etfw\">17 de mayo de 2023<\/a><\/blockquote><\/div>\n<\/div><\/figure>\n\n\n\n<p>CULPA A ATOYAQUILLO<\/p>\n\n\n\n<p>La semana pasada, la Secretaria de Gobierno inform\u00f3 de un enfrentamiento entre comunidades de Santiago Ixtayutla con Santa Cruz Zenzontepec, de la regi\u00f3n de la Sierra Sur y la Costa, respectivamente.<\/p>\n\n\n\n<p>El enfrentamiento, apunt\u00f3, se origin\u00f3 que personas de la comunidad de San Lucas Atoyaquillo acudieron a realizar trabajos sin el consenso con las autoridades de Zenzontepec y agreg\u00f3 que d\u00edas antes exhort\u00f3 a habitantes de Atoyaquillo a suspender dicha actividad, as\u00ed como solicit\u00f3 a las autoridades a que se presentaran en la capital para garantizar las condiciones para desempe\u00f1ar estos trabajos, de lo cual, dijo \u201cse negaron\u201d.<\/p>\n\n\n\n<p>De este \u00faltimo reporte, las autoridades de Atoyaquillo apuntaron que nunca recibieron ese reporte por parte de la Sego.<\/p>\n\n\n\n<p>ACUERDOS<\/p>\n\n\n\n<p>Entre los acuerdos en busca de la paz, las autoridades de San Lucas Atoyaquillo indicaron que, para este 17 de mayo se estableci\u00f3 el regreso de los desplazados por la violencia, para lo cual se llevar\u00eda a cabo un operativo de seguridad con la Guardia Nacional.<\/p>\n\n\n\n<p>As\u00ed como ellos solicitaron la asistencia de una comisi\u00f3n integrada por la Fiscal\u00eda de Oaxaca, Secretar\u00eda de Seguridad P\u00fablica y Junta de Conciliaci\u00f3n Agraria a la zona del ataque para la realizaci\u00f3n de las investigaciones y se esclarezca el hecho.&nbsp;<\/p>\n","protected":false},"excerpt":{"rendered":"<p>Yuridiana Sosa\/Zona Roja. Oaxaca de Ju\u00e1rez, Oax., a 17 de mayo de 2023.- Autoridades y&hellip;<\/p>\n","protected":false},"author":2,"featured_media":55369,"comment_status":"closed","ping_status":"open","sticky":false,"template":"","format":"standard","meta":{"_lmt_disableupdate":"","_lmt_disable":"","_jetpack_memberships_contains_paid_content":false,"footnotes":""},"categories":[109,47],"tags":[3548],"class_list":["post-55368","post","type-post","status-publish","format-standard","has-post-thumbnail","hentry","category-minuto-a-minuto","category-zona-gris","tag-san-lucas-atoyaquillo"],"jetpack_featured_media_url":"https:\/\/zonaroja.com.mx\/wp-content\/uploads\/2023\/05\/Conferencia-San-Lucas-Atoyaquillo.jpg","jetpack_sharing_enabled":true,"_links":{"self":[{"href":"https:\/\/zonaroja.com.mx\/index.php?rest_route=\/wp\/v2\/posts\/55368","targetHints":{"allow":["GET"]}}],"collection":[{"href":"https:\/\/zonaroja.com.mx\/index.php?rest_route=\/wp\/v2\/posts"}],"about":[{"href":"https:\/\/zonaroja.com.mx\/index.php?rest_route=\/wp\/v2\/types\/post"}],"author":[{"embeddable":true,"href":"https:\/\/zonaroja.com.mx\/index.php?rest_route=\/wp\/v2\/users\/2"}],"replies":[{"embeddable":true,"href":"https:\/\/zonaroja.com.mx\/index.php?rest_route=%2Fwp%2Fv2%2Fcomments&post=55368"}],"version-history":[{"count":1,"href":"https:\/\/zonaroja.com.mx\/index.php?rest_route=\/wp\/v2\/posts\/55368\/revisions"}],"predecessor-version":[{"id":55370,"href":"https:\/\/zonaroja.com.mx\/index.php?rest_route=\/wp\/v2\/posts\/55368\/revisions\/55370"}],"wp:featuredmedia":[{"embeddable":true,"href":"https:\/\/zonaroja.com.mx\/index.php?rest_route=\/wp\/v2\/media\/55369"}],"wp:attachment":[{"href":"https:\/\/zonaroja.com.mx\/index.php?rest_route=%2Fwp%2Fv2%2Fmedia&parent=55368"}],"wp:term":[{"taxonomy":"category","embeddable":true,"href":"https:\/\/zonaroja.com.mx\/index.php?rest_route=%2Fwp%2Fv2%2Fcategories&post=55368"},{"taxonomy":"post_tag","embeddable":true,"href":"https:\/\/zonaroja.com.mx\/index.php?rest_route=%2Fwp%2Fv2%2Ftags&post=55368"}],"curies":[{"name":"wp","href":"https:\/\/api.w.org\/{rel}","templated":true}]}}