{"id":5537,"date":"2019-11-08T10:10:16","date_gmt":"2019-11-08T16:10:16","guid":{"rendered":"http:\/\/www.zonaroja.com.mx\/?p=5537"},"modified":"2019-11-08T10:10:19","modified_gmt":"2019-11-08T16:10:19","slug":"inicia-viernes-con-un-ejecutado-en-la-costa-en-istmo-incrementan-delitos","status":"publish","type":"post","link":"https:\/\/zonaroja.com.mx\/?p=5537","title":{"rendered":"Inicia viernes con un ejecutado en la Costa; en Istmo incrementan delitos"},"content":{"rendered":"\n<p>Redacci\u00f3n\/Zona Roja.<\/p>\n\n\n\n<p>Oaxaca de Ju\u00e1rez, Oax., 8 de noviembre de 2019.- Con al menos siete impactos de arma de fuego de grueso calibre fue ultimado hoy un individuo en Santiago Jamiltepec, municipio de la regi\u00f3n de la Costa.<\/p>\n\n\n\n<p>Los hechos sucedieron esta ma\u00f1ana en la\ncalle Independencia, frente a la Escuela Secundaria T\u00e9cnica Uno, refieren\nreportes de corporaciones policiacas.<\/p>\n\n\n\n<p>La v\u00ecctima fue identificada como\nMacario Francisco Mej\u00eda Hern\u00e1ndez, de 70 a\u00f1os de edad, quien presenta siete\nimpactos en distintas partes del cuerpo, calibre .380.<\/p>\n\n\n\n<p>ISTMO, GRAVE<\/p>\n\n\n\n<p>Por otra parte, la ola delictiva crece,\na pesar de los operativos anunciados por las autoridades estatales y\nmunicipales, as\u00ed como la Guardia Nacional.<\/p>\n\n\n\n<p>La ma\u00f1ana de ayer fue asaltada la\npresidenta municipal de Reforma de Pineda, Aracely Garc\u00eda Hern\u00e1ndez, a quien despojaron\nde 300 mil pesos que reci\u00e9n hab\u00eda retirado de una sucursal bancaria.<\/p>\n\n\n\n<p>Cuando viajaba en compa\u00f1\u00eda de su\nsecretario municipal de esa misma poblaci\u00f3n en una camioneta particular marca\nJeep modelo Patriot color blanco, fue interceptada por dos sujetos armados, que\nlos amagaron y quitaron el dinero, tras lo cual se dieron a la fuga a bordo de\nuna motocicleta.<\/p>\n\n\n\n<p>Tambi\u00e9n ayer, un comando asalt\u00f3 la\ntienda Coppel Canad\u00e1 del municipio de Santo Domingo Tehuantepec, en la regi\u00f3n\ndel Istmo, hasta el momento se desconoce el monto de lo robado.<\/p>\n\n\n\n<p>El delito se perpetr\u00f3 minutos antes de\nlas 10:00 horas de este jueves, en la sucursal ubicada sobre la calle H\u00e9roes de\nNacozari del barrio Vixhana, a un costado de la terminal de autobuses del ADO.<\/p>\n\n\n\n<p>Los trabajadores indicaron a las\nautoridades que cinco sujetos que portaban armas de fuego irrumpieron en el\nlugar y de manera violenta los despojaron de dinero en efectivo y otros objetos\nde valor. En todos estos casos hasta el momento no hay personas detenidas.<\/p>\n","protected":false},"excerpt":{"rendered":"<p>Redacci\u00f3n\/Zona Roja. Oaxaca de Ju\u00e1rez, Oax., 8 de noviembre de 2019.- Con al menos siete&hellip;<\/p>\n","protected":false},"author":2,"featured_media":5538,"comment_status":"closed","ping_status":"open","sticky":false,"template":"","format":"standard","meta":{"_lmt_disableupdate":"","_lmt_disable":"","_jetpack_memberships_contains_paid_content":false,"footnotes":""},"categories":[109,51],"tags":[797],"class_list":["post-5537","post","type-post","status-publish","format-standard","has-post-thumbnail","hentry","category-minuto-a-minuto","category-zona-roja","tag-santiago-jamiltepec"],"jetpack_featured_media_url":"https:\/\/zonaroja.com.mx\/wp-content\/uploads\/2019\/11\/PHOTO-2019-11-08-10-07-20.jpg","jetpack_sharing_enabled":true,"_links":{"self":[{"href":"https:\/\/zonaroja.com.mx\/index.php?rest_route=\/wp\/v2\/posts\/5537","targetHints":{"allow":["GET"]}}],"collection":[{"href":"https:\/\/zonaroja.com.mx\/index.php?rest_route=\/wp\/v2\/posts"}],"about":[{"href":"https:\/\/zonaroja.com.mx\/index.php?rest_route=\/wp\/v2\/types\/post"}],"author":[{"embeddable":true,"href":"https:\/\/zonaroja.com.mx\/index.php?rest_route=\/wp\/v2\/users\/2"}],"replies":[{"embeddable":true,"href":"https:\/\/zonaroja.com.mx\/index.php?rest_route=%2Fwp%2Fv2%2Fcomments&post=5537"}],"version-history":[{"count":1,"href":"https:\/\/zonaroja.com.mx\/index.php?rest_route=\/wp\/v2\/posts\/5537\/revisions"}],"predecessor-version":[{"id":5539,"href":"https:\/\/zonaroja.com.mx\/index.php?rest_route=\/wp\/v2\/posts\/5537\/revisions\/5539"}],"wp:featuredmedia":[{"embeddable":true,"href":"https:\/\/zonaroja.com.mx\/index.php?rest_route=\/wp\/v2\/media\/5538"}],"wp:attachment":[{"href":"https:\/\/zonaroja.com.mx\/index.php?rest_route=%2Fwp%2Fv2%2Fmedia&parent=5537"}],"wp:term":[{"taxonomy":"category","embeddable":true,"href":"https:\/\/zonaroja.com.mx\/index.php?rest_route=%2Fwp%2Fv2%2Fcategories&post=5537"},{"taxonomy":"post_tag","embeddable":true,"href":"https:\/\/zonaroja.com.mx\/index.php?rest_route=%2Fwp%2Fv2%2Ftags&post=5537"}],"curies":[{"name":"wp","href":"https:\/\/api.w.org\/{rel}","templated":true}]}}