{"id":55383,"date":"2023-05-18T11:48:00","date_gmt":"2023-05-18T16:48:00","guid":{"rendered":"http:\/\/www.zonaroja.com.mx\/?p=55383"},"modified":"2023-05-18T07:57:13","modified_gmt":"2023-05-18T12:57:13","slug":"ocupa-oaxaca-primer-lugar-nacional-de-personas-sancionadas-por-violencia-politica","status":"publish","type":"post","link":"https:\/\/zonaroja.com.mx\/?p=55383","title":{"rendered":"Ocupa Oaxaca primer lugar nacional de personas sancionadas por violencia pol\u00edtica\u00a0"},"content":{"rendered":"\n<p>Redacci\u00f3n\/Zona Roja Cdmx.<\/p>\n\n\n\n<p>Ciudad de M\u00e9xico, a 18 de mayo de 2023.- El Registro Nacional de Personas Sancionadas por Violencia Pol\u00edtica en Raz\u00f3n de G\u00e9nero, tiene un aculado de 330 casos, de los cuales Oaxaca ocupa el primer lugar.<\/p>\n\n\n\n<p>De acuerdo con la&nbsp;ley, las y los sancionados no pueden buscar cargos de elecci\u00f3n popular ni ocupar cargos&nbsp;p\u00fablicos.<\/p>\n\n\n\n<p>A la cabeza est\u00e1 el estado de Oaxaca con 99 personas sancionadas,&nbsp;seguido de Veracruz con 38, Tabasco 30, Chiapas 20 y Baja California&nbsp;15, entre las primeras cinco posiciones, pues en 25 entidades se&nbsp;han logrado acreditar y sancionar&nbsp;casos de violencia pol\u00edtica contra&nbsp;mujeres.<\/p>\n\n\n\n<p>Por el contrario, de acuerdo con informaci\u00f3n publicada por \u201cMilenio\u201d, el Estado de M\u00e9xico es una de las&nbsp;siete entidades de todo el pa\u00eds que&nbsp;no cuenta, actualmente, con personas sancionadas por violencia&nbsp;pol\u00edtica en raz\u00f3n de g\u00e9nero.<\/p>\n\n\n\n<p>En 21.60 por ciento de los casos las personas sancionadas se&nbsp;desempe\u00f1aban como presidenta&nbsp;o presidente municipal, 19.45 por&nbsp;ciento fueron ciudadanos, 13.3 por&nbsp;ciento como regidores o regidora,&nbsp;10.92 por ciento periodistas&nbsp;y 6.14&nbsp;por ciento diferentes autoridades.<\/p>\n\n\n\n<p>En promedio, en ocho de cada&nbsp;10 casos las sanciones son en contra de varones, pero en al menos 20&nbsp;por ciento de las denuncias las responsables de ejercer violencia pol\u00edtica en raz\u00f3n de g\u00e9nero son mujeres, en diversos cargos, quienes se&nbsp;han encargado de replicar estereotipos y violentar derechos b\u00e1sicos&nbsp;de las mujeres, detalla \u201cMilenio\u201d.<\/p>\n\n\n\n<p>De las personas expuestas en el&nbsp;Registro 10.91 por ciento pertenecen al \u00e1mbito nacional, 16.67 por&nbsp;ciento al estatal y 72.42 por ciento al municipal, que es el \u00e1mbito&nbsp;donde sigue siendo m\u00e1s frecuente&nbsp;el desconocimiento de las reglas o&nbsp;bien la negativa a permitir a las mujeres su pleno desarrollo.<\/p>\n\n\n\n<p>Este registro es operado por el&nbsp;Instituto Nacional Electoral&nbsp;y alimentado por los organismos p\u00fablicos locales electorales y autoridades jurisdiccionales cuando las&nbsp;resoluciones est\u00e1n firmes.<\/p>\n\n\n\n<p>Cuando las autoridades electorales no establezcan el plazo en el&nbsp;que estar\u00e1n inscritos en el Registro&nbsp;las personas sancionadas, permanecer\u00e1n hasta tres a\u00f1os si la falta&nbsp;fue considerada como leve, cuatro&nbsp;si fue considerada como ordinaria&nbsp;y hasta cinco a\u00f1os si fuera califica&nbsp;da como especial.<\/p>\n\n\n\n<p>En caso que sea realizada por&nbsp;una servidora o servidor p\u00fablico, persona funcionaria electoral,&nbsp;funcionaria partidista, aspirante,&nbsp;candidato independiente, precandidata o candidata, personas que se&nbsp;dediquen a los medios de comunicaci\u00f3n, el tiempo de permanencia&nbsp;aumentar\u00e1 en un tercio, y en caso de reincidencia son 6 a\u00f1os.<\/p>\n\n\n\n<p>(Con informaci\u00f3n de \u201cMilenio\u201d)<\/p>\n","protected":false},"excerpt":{"rendered":"<p>Redacci\u00f3n\/Zona Roja Cdmx. Ciudad de M\u00e9xico, a 18 de mayo de 2023.- El Registro Nacional&hellip;<\/p>\n","protected":false},"author":2,"featured_media":25534,"comment_status":"closed","ping_status":"open","sticky":false,"template":"","format":"standard","meta":{"_lmt_disableupdate":"","_lmt_disable":"","_jetpack_memberships_contains_paid_content":false,"footnotes":""},"categories":[109,47],"tags":[],"class_list":["post-55383","post","type-post","status-publish","format-standard","has-post-thumbnail","hentry","category-minuto-a-minuto","category-zona-gris"],"jetpack_featured_media_url":"https:\/\/zonaroja.com.mx\/wp-content\/uploads\/2021\/04\/Violencia-politica.jpg","jetpack_sharing_enabled":true,"_links":{"self":[{"href":"https:\/\/zonaroja.com.mx\/index.php?rest_route=\/wp\/v2\/posts\/55383","targetHints":{"allow":["GET"]}}],"collection":[{"href":"https:\/\/zonaroja.com.mx\/index.php?rest_route=\/wp\/v2\/posts"}],"about":[{"href":"https:\/\/zonaroja.com.mx\/index.php?rest_route=\/wp\/v2\/types\/post"}],"author":[{"embeddable":true,"href":"https:\/\/zonaroja.com.mx\/index.php?rest_route=\/wp\/v2\/users\/2"}],"replies":[{"embeddable":true,"href":"https:\/\/zonaroja.com.mx\/index.php?rest_route=%2Fwp%2Fv2%2Fcomments&post=55383"}],"version-history":[{"count":1,"href":"https:\/\/zonaroja.com.mx\/index.php?rest_route=\/wp\/v2\/posts\/55383\/revisions"}],"predecessor-version":[{"id":55384,"href":"https:\/\/zonaroja.com.mx\/index.php?rest_route=\/wp\/v2\/posts\/55383\/revisions\/55384"}],"wp:featuredmedia":[{"embeddable":true,"href":"https:\/\/zonaroja.com.mx\/index.php?rest_route=\/wp\/v2\/media\/25534"}],"wp:attachment":[{"href":"https:\/\/zonaroja.com.mx\/index.php?rest_route=%2Fwp%2Fv2%2Fmedia&parent=55383"}],"wp:term":[{"taxonomy":"category","embeddable":true,"href":"https:\/\/zonaroja.com.mx\/index.php?rest_route=%2Fwp%2Fv2%2Fcategories&post=55383"},{"taxonomy":"post_tag","embeddable":true,"href":"https:\/\/zonaroja.com.mx\/index.php?rest_route=%2Fwp%2Fv2%2Ftags&post=55383"}],"curies":[{"name":"wp","href":"https:\/\/api.w.org\/{rel}","templated":true}]}}