{"id":5540,"date":"2019-11-08T10:21:33","date_gmt":"2019-11-08T16:21:33","guid":{"rendered":"http:\/\/www.zonaroja.com.mx\/?p=5540"},"modified":"2019-11-08T10:21:36","modified_gmt":"2019-11-08T16:21:36","slug":"en-oaxaca-persiste-la-violacion-a-los-derechos-de-los-pueblos-indigenas","status":"publish","type":"post","link":"https:\/\/zonaroja.com.mx\/?p=5540","title":{"rendered":"En Oaxaca persiste la violaci\u00f3n a los derechos de los pueblos ind\u00edgenas"},"content":{"rendered":"\n<p>Redacci\u00f3n\/Zona Roja.<\/p>\n\n\n\n<p>Oaxaca de Ju\u00e1rez, Oax., 8 de noviembre\nde 2019.- Desde el a\u00f1o pasado, organizaciones sociales que conforman el Colectivo\nOaxaque\u00f1o en Defensa de los Territorios\u201d denunciaron que en Oaxaca persisten las\nviolaciones a los derechos de los pueblos consultados, por parte de dependencias\nfederales como la Comisi\u00f3n Nacional del Agua (Conagua), la Comisi\u00f3n Federal de\nElectricidad (CFE) y la Semarnat.<\/p>\n\n\n\n<p>Han se\u00f1alado que las violaciones a los\nderechos de los pueblos consultados existen porque en Oaxaca no existe una Ley\nde Consulta Previa, Libre e Informada para los Pueblos Ind\u00edgenas y Afromexicano.<\/p>\n\n\n\n<p>Por ello, la 64 Legislatura iniciar\u00e1\neste 9 y 10 de noviembre la etapa informativa de la construcci\u00f3n de este marco legal,\ninform\u00f3 la diputada del Partido Morena, Elisa Zepeda Lagunas.<\/p>\n\n\n\n<p>\u201cEstaremos en las ocho regiones de Oaxaca; informaremos a las comunidades sobre el trabajo legislativo que hemos emprendido para otorgarles una Ley de Consulta Ind\u00edgena acorde a la realidad comunitaria\u201d, expres\u00f3.<\/p>\n\n\n\n<figure class=\"wp-block-embed-twitter wp-block-embed is-type-rich is-provider-twitter\"><div class=\"wp-block-embed__wrapper\">\n<div class=\"twitter-tweet\"><blockquote class=\"twitter-tweet\" data-lang=\"es\"><p lang=\"es\" dir=\"ltr\">Este s\u00e1bado 9 de noviembre inician los foros del <a href=\"https:\/\/twitter.com\/CongresoOaxLXIV?ref_src=twsrc%5Etfw\">@CongresoOaxLXIV<\/a> para la Ley de Consulta Previa, Libre e Informada a Pueblos Ind\u00edgenas y Afromexicano; en caso de Valles C\u00e9ntrales, ser\u00e1 en la sede del Congreso, en San Raymundo Jalpan, informa la diputada <a href=\"https:\/\/twitter.com\/Magaly_LopezOax?ref_src=twsrc%5Etfw\">@Magaly_LopezOax<\/a>. <a href=\"https:\/\/t.co\/qNQwjJfLyt\">pic.twitter.com\/qNQwjJfLyt<\/a><\/p>&mdash; Zona Roja Oaxaca (@MexRoja) <a href=\"https:\/\/twitter.com\/MexRoja\/status\/1192831617368236038?ref_src=twsrc%5Etfw\">8 de noviembre de 2019<\/a><\/blockquote><\/div>\n<\/div><\/figure>\n\n\n\n<p>En tanto, la presidenta de la Comisi\u00f3n\nPermanente de Derechos Humanos del Congreso local, Magaly L\u00f3pez Dom\u00ednguez,\nse\u00f1al\u00f3 que esta ley enmarcar\u00e1 la forma, procedimientos y requisitos en el que\ndeben ser consultados los pueblos y comunidades ind\u00edgenas y afromexicanos de\nOaxaca.<\/p>\n\n\n\n<p>\u201cEs importante erradicar las\nviolaciones a los derechos de las comunidades ind\u00edgenas en los procesos de\nconsulta, por ello construimos esta Ley con la participaci\u00f3n y la voz de\nnuestros pueblos\u201d, reiter\u00f3.<\/p>\n\n\n\n<p>Los foros regionales para la\nconstrucci\u00f3n de la Ley de consulta ser\u00e1n este 9 y 10 de noviembre con su etapa\ninformativa de manera simult\u00e1nea en las ocho regiones de Oaxaca, en donde\nestar\u00e1n los 42 diputados locales.<\/p>\n","protected":false},"excerpt":{"rendered":"<p>Redacci\u00f3n\/Zona Roja. Oaxaca de Ju\u00e1rez, Oax., 8 de noviembre de 2019.- Desde el a\u00f1o pasado,&hellip;<\/p>\n","protected":false},"author":2,"featured_media":5541,"comment_status":"closed","ping_status":"open","sticky":false,"template":"","format":"standard","meta":{"_lmt_disableupdate":"","_lmt_disable":"","_jetpack_memberships_contains_paid_content":false,"footnotes":""},"categories":[109,46],"tags":[213,192],"class_list":["post-5540","post","type-post","status-publish","format-standard","has-post-thumbnail","hentry","category-minuto-a-minuto","category-zona-blanca","tag-64-legislatura-de-oaxaca","tag-diputada-magaly-lopez-dominguez"],"jetpack_featured_media_url":"https:\/\/zonaroja.com.mx\/wp-content\/uploads\/2019\/11\/Pueblos-ind\u00edgenas.jpg","jetpack_sharing_enabled":true,"_links":{"self":[{"href":"https:\/\/zonaroja.com.mx\/index.php?rest_route=\/wp\/v2\/posts\/5540","targetHints":{"allow":["GET"]}}],"collection":[{"href":"https:\/\/zonaroja.com.mx\/index.php?rest_route=\/wp\/v2\/posts"}],"about":[{"href":"https:\/\/zonaroja.com.mx\/index.php?rest_route=\/wp\/v2\/types\/post"}],"author":[{"embeddable":true,"href":"https:\/\/zonaroja.com.mx\/index.php?rest_route=\/wp\/v2\/users\/2"}],"replies":[{"embeddable":true,"href":"https:\/\/zonaroja.com.mx\/index.php?rest_route=%2Fwp%2Fv2%2Fcomments&post=5540"}],"version-history":[{"count":1,"href":"https:\/\/zonaroja.com.mx\/index.php?rest_route=\/wp\/v2\/posts\/5540\/revisions"}],"predecessor-version":[{"id":5542,"href":"https:\/\/zonaroja.com.mx\/index.php?rest_route=\/wp\/v2\/posts\/5540\/revisions\/5542"}],"wp:featuredmedia":[{"embeddable":true,"href":"https:\/\/zonaroja.com.mx\/index.php?rest_route=\/wp\/v2\/media\/5541"}],"wp:attachment":[{"href":"https:\/\/zonaroja.com.mx\/index.php?rest_route=%2Fwp%2Fv2%2Fmedia&parent=5540"}],"wp:term":[{"taxonomy":"category","embeddable":true,"href":"https:\/\/zonaroja.com.mx\/index.php?rest_route=%2Fwp%2Fv2%2Fcategories&post=5540"},{"taxonomy":"post_tag","embeddable":true,"href":"https:\/\/zonaroja.com.mx\/index.php?rest_route=%2Fwp%2Fv2%2Ftags&post=5540"}],"curies":[{"name":"wp","href":"https:\/\/api.w.org\/{rel}","templated":true}]}}