{"id":55402,"date":"2023-05-18T19:58:16","date_gmt":"2023-05-19T00:58:16","guid":{"rendered":"http:\/\/www.zonaroja.com.mx\/?p=55402"},"modified":"2023-05-18T19:58:18","modified_gmt":"2023-05-19T00:58:18","slug":"ninguna-solucion-represiva-o-de-contencion-ha-resultado-para-contener-migrantes","status":"publish","type":"post","link":"https:\/\/zonaroja.com.mx\/?p=55402","title":{"rendered":"Ninguna soluci\u00f3n represiva o de contenci\u00f3n ha resultado para contener migrantes"},"content":{"rendered":"\n<p>Ismael Garc\u00eda M.\/Zona Roja.<\/p>\n\n\n\n<p>Oaxaca de Ju\u00e1rez, Oax., a 18 de mayo de 2023.- Al reconocer que habr\u00e1 incremento de migrantes centroamericanos en M\u00e9xico, el subsecretario de la Secretar\u00eda de Gobernaci\u00f3n, Alejandro Encinas, asever\u00f3 que ninguna medida represiva o de contenci\u00f3n ha resultado para frenar el tr\u00e1nsito de personas por el pa\u00eds.<\/p>\n\n\n\n<p>\u201cPor m\u00e1s muros que ha construido los Estados Unidos, la migraci\u00f3n sigue enriqueciendo a ese pa\u00eds, la soluci\u00f3n no son las medidas coercitivas, sino una visi\u00f3n humanitaria y de integraci\u00f3n\u201d, dijo en entrevista, durante su visita a Oaxaca.<\/p>\n\n\n\n<p>Reconoci\u00f3 que habr\u00e1 un mayor impacto en la migraci\u00f3n, tras las medidas unilaterales que asumi\u00f3 la naci\u00f3n norteamericana, al pr\u00e1cticamente sellar la frontera y retornar a M\u00e9xico a ciudadanos de diversas nacionalidades.<\/p>\n\n\n\n<p>\u201cEsto tenemos que asumirlo, el Presidente de la Rep\u00fablica ha dado la instrucci\u00f3n de que demos un trato digno, humanitario, a las personas, por eso aceptar que ciudadanos de otros pa\u00edses puedan regresar a territorio mexicano en espera de los tr\u00e1mites migratorios que tiene los Estados Unidos.<\/p>\n\n\n\n<p>\u201cEstaremos atentos no solamente en Oaxaca sino en todo el pa\u00eds, para no s\u00f3lo mitigar este impacto, sino dar un trato digno y oportunidades de inserci\u00f3n a las personas que est\u00e1n buscando una opci\u00f3n de vida fuera de su pa\u00eds.<\/p>\n\n\n\n<p>\u2014Ya ocurri\u00f3 una vez una crisis fuerte en Tapantepec principalmente, \u00bfc\u00f3mo se prev\u00e9 enfrentar una situaci\u00f3n?<\/p>\n\n\n\n<figure class=\"wp-block-embed is-type-rich is-provider-twitter wp-block-embed-twitter\"><div class=\"wp-block-embed__wrapper\">\n<div class=\"twitter-tweet\"><blockquote class=\"twitter-tweet\" data-lang=\"es\"><p lang=\"es\" dir=\"ltr\"><a href=\"https:\/\/twitter.com\/hashtag\/%C3%9AltimoMinuto?src=hash&amp;ref_src=twsrc%5Etfw\">#\u00daltimoMinuto<\/a><br>Llega a Oaxaca el subsecretario de la <a href=\"https:\/\/twitter.com\/SEGOB_mx?ref_src=twsrc%5Etfw\">@SEGOB_mx<\/a>, <a href=\"https:\/\/twitter.com\/A_Encinas_R?ref_src=twsrc%5Etfw\">@A_Encinas_R<\/a> y habla sobre la problem\u00e1tica migratoria en el pa\u00eds. Escuche lo que dice: <a href=\"https:\/\/t.co\/GGcDLoveRw\">pic.twitter.com\/GGcDLoveRw<\/a><\/p>&mdash; Zona Roja Oaxaca (@ZonaRoja_Oaxaca) <a href=\"https:\/\/twitter.com\/ZonaRoja_Oaxaca\/status\/1659247899090223108?ref_src=twsrc%5Etfw\">18 de mayo de 2023<\/a><\/blockquote><\/div>\n<\/div><\/figure>\n\n\n\n<p>\u2014No hablemos de crisis en la situaci\u00f3n de migrantes, es gente que est\u00e1 buscando una nueva oportunidad, gente que merece tener la oportunidad de salir adelante.<\/p>\n\n\n\n<p>\u201cHubo una concentraci\u00f3n muy grande en Tapanatepec, superior a la poblaci\u00f3n residente, pero creo que si logramos un buen dise\u00f1o de integraci\u00f3n de la poblaci\u00f3n migrante en todo el pa\u00eds, el pa\u00eds est\u00e1 en condiciones adem\u00e1s de ofrecer empleo digno, porque la oferta que tenemos es grande y no est\u00e1 cubierta por los trabajadores mexicanos\u201d.<\/p>\n\n\n\n<p>\u2014Qu\u00e9 se puede esperar en esta situaci\u00f3n, es gente que necesita el apoyo pero est\u00e1n acumul\u00e1ndose en muchas ciudades.<\/p>\n\n\n\n<p>\u2014Hay que darles oportunidades de inserci\u00f3n; creo que la nueva pol\u00edtica que tiene que orientarse es la integraci\u00f3n regional, por supuesto con los pa\u00edses del norte, con Centroam\u00e9rica, Sudam\u00e9rica, tiene que haber un desarrollo regional que puede potenciarse en el sur del pa\u00eds.<\/p>\n\n\n\n<p>\u2014\u00bfOaxaca y el Istmo con Corredor Trans\u00edstmico entra en esta din\u00e1mica?<\/p>\n\n\n\n<p>\u2014Bueno, todo el sur-sureste del pa\u00eds, con la refiner\u00eda \u201cDos Bocas\u201d, el Transmismitoc, el Tren Maya, est\u00e1n demandando mucha mano de obra.<\/p>\n\n\n\n<p>\u201cY mucha se est\u00e1 cubriendo con trabajadores de otros pa\u00edses, por supuesto se da prioridad a trabajadores mexicanos pero en muchos caso hay oferta suficiente<\/p>\n\n\n\n<p>\u2014\u00bfM\u00e1s polic\u00edas, m\u00e1s Guardia Nacional para frenarlos?<\/p>\n\n\n\n<p>\u2014Ninguna soluci\u00f3n represiva o de contenci\u00f3n ha resultado, por m\u00e1s muros que ha construido los Estados Unidos, la migraci\u00f3n sigue enriqueciendo a ese pa\u00eds; la soluci\u00f3n no son las medidas coercitivas, sino una visi\u00f3n humanitaria y de integraci\u00f3n.<\/p>\n","protected":false},"excerpt":{"rendered":"<p>Ismael Garc\u00eda M.\/Zona Roja. Oaxaca de Ju\u00e1rez, Oax., a 18 de mayo de 2023.- Al&hellip;<\/p>\n","protected":false},"author":2,"featured_media":55399,"comment_status":"closed","ping_status":"open","sticky":false,"template":"","format":"standard","meta":{"_lmt_disableupdate":"","_lmt_disable":"","_jetpack_memberships_contains_paid_content":false,"footnotes":""},"categories":[109,46],"tags":[2412,3552],"class_list":["post-55402","post","type-post","status-publish","format-standard","has-post-thumbnail","hentry","category-minuto-a-minuto","category-zona-blanca","tag-alejandro-encinas","tag-secretaria-de-gobernacion-segob"],"jetpack_featured_media_url":"https:\/\/zonaroja.com.mx\/wp-content\/uploads\/2023\/05\/Alejandro-Encincas-Gobernacion.jpg","jetpack_sharing_enabled":true,"_links":{"self":[{"href":"https:\/\/zonaroja.com.mx\/index.php?rest_route=\/wp\/v2\/posts\/55402","targetHints":{"allow":["GET"]}}],"collection":[{"href":"https:\/\/zonaroja.com.mx\/index.php?rest_route=\/wp\/v2\/posts"}],"about":[{"href":"https:\/\/zonaroja.com.mx\/index.php?rest_route=\/wp\/v2\/types\/post"}],"author":[{"embeddable":true,"href":"https:\/\/zonaroja.com.mx\/index.php?rest_route=\/wp\/v2\/users\/2"}],"replies":[{"embeddable":true,"href":"https:\/\/zonaroja.com.mx\/index.php?rest_route=%2Fwp%2Fv2%2Fcomments&post=55402"}],"version-history":[{"count":1,"href":"https:\/\/zonaroja.com.mx\/index.php?rest_route=\/wp\/v2\/posts\/55402\/revisions"}],"predecessor-version":[{"id":55403,"href":"https:\/\/zonaroja.com.mx\/index.php?rest_route=\/wp\/v2\/posts\/55402\/revisions\/55403"}],"wp:featuredmedia":[{"embeddable":true,"href":"https:\/\/zonaroja.com.mx\/index.php?rest_route=\/wp\/v2\/media\/55399"}],"wp:attachment":[{"href":"https:\/\/zonaroja.com.mx\/index.php?rest_route=%2Fwp%2Fv2%2Fmedia&parent=55402"}],"wp:term":[{"taxonomy":"category","embeddable":true,"href":"https:\/\/zonaroja.com.mx\/index.php?rest_route=%2Fwp%2Fv2%2Fcategories&post=55402"},{"taxonomy":"post_tag","embeddable":true,"href":"https:\/\/zonaroja.com.mx\/index.php?rest_route=%2Fwp%2Fv2%2Ftags&post=55402"}],"curies":[{"name":"wp","href":"https:\/\/api.w.org\/{rel}","templated":true}]}}