{"id":55404,"date":"2023-05-18T21:48:59","date_gmt":"2023-05-19T02:48:59","guid":{"rendered":"http:\/\/www.zonaroja.com.mx\/?p=55404"},"modified":"2023-05-18T21:49:04","modified_gmt":"2023-05-19T02:49:04","slug":"disculpa-publica-a-damian-gallardo-diminuta-bocanada-de-aire-fresco","status":"publish","type":"post","link":"https:\/\/zonaroja.com.mx\/?p=55404","title":{"rendered":"Disculpa p\u00fablica a Dami\u00e1n Gallardo, \u201cdiminuta bocanada de aire fresco\u201d"},"content":{"rendered":"\n<p>Yuridiana Sosa\/Zona Roja.<\/p>\n\n\n\n<p>Oaxaca de Ju\u00e1rez, Oax., a 18 de mayo de 2023.- A 10 a\u00f1os de su detenci\u00f3n violenta, arbitraria y el inicio de una serie de violaciones a sus derechos humanos acompa\u00f1adas de actos de tortura, el defensor de derechos y profesor Ayuujk, Dami\u00e1n Gallardo Mart\u00ednez, recibi\u00f3 disculpas p\u00fablicas de parte del Estado mexicano.<\/p>\n\n\n\n<p>En el acto \u201cReconocimiento de la Responsabilidad Internacional del Estado Mexicano y Disculpa P\u00fablica al Defensor Dami\u00e1n Gallardo Mart\u00ednez\u201d, el gobierno federal, representado por el subsecretario de Derechos Humanos de la Secretar\u00eda de Gobernaci\u00f3n, Alejandro Encinas Rodr\u00edguez, confirm\u00f3 sobre los actos cometidos en el gobierno de Enrique Pe\u00f1a Nieto contra la lucha social.<\/p>\n\n\n\n<p>La actividad estuvo enmarcada por el atrio del antiguo Convento de Santo Domingo de Guzm\u00e1n, en el Centro Hist\u00f3rico de Oaxaca; lo m\u00e1s importante para Gallardo Mart\u00ednez fue la presencia de qui\u00e9nes lucharon por su libertad conseguida en diciembre de 2018, luego de m\u00e1s cinco a\u00f1os de su detenci\u00f3n, ocurrida el 18 de mayo de 2018.<\/p>\n\n\n\n<p>LA LUCHA SIGUE<\/p>\n\n\n\n<p>Ataviado con una camisa tradicional de su natal Santa Mar\u00eda Tlahuitoltepec, frente a sus paisanos Ayuujk que igualmente portaron las prendas tradicionales, el defensor acept\u00f3 las disculpas p\u00fablicas como un \u201cpeque\u00f1o reconocimiento a la verdad de su palabra\u2026como una diminuta bocanada de aire fresco en la lucha por los derechos humanos, sin embargo, a\u00fan existen compa\u00f1eros presos injustamente\u201d.<\/p>\n\n\n\n<p>\u201cYo, Dami\u00e1n Gallardo Mart\u00ednez, a nombre de mis familiares, de mis compa\u00f1eros, aceptamos estas estas disculpas p\u00fablicas del Estado Mexicano a trav\u00e9s del subsecretario; aceptamos este ofrecimiento de disculpa no por una concesi\u00f3n gratuita, sino como el fruto de nuestra lucha y desvelos, de llantos y alegr\u00edas; es un gesto simb\u00f3lico.<\/p>\n\n\n\n<p>\u201cAcepto esta disculpa p\u00fablica porque en cierta medida mitiga el da\u00f1o moral ocasionado a mi persona al inculparme de un delito que no comet\u00ed\u201d, sostuvo con la voz quebrantada.<\/p>\n\n\n\n<p>Gallardo Mart\u00ednez dej\u00f3 en claro a las autoridades federales que la justicia en su totalidad no ha llegado.<\/p>\n\n\n\n<p>\u201cMientras no se castigue a los responsables de este montaje y a los perpetradores de tortura en mi contra y de otros compa\u00f1eros, la medida que hoy nos convoca perder\u00e1 sentido y caer\u00e1 en una simulaci\u00f3n.<\/p>\n\n\n\n<p>\u201cHoy acepto las disculpas p\u00fablicas porque se resarce en cierto grado la esperanza de que es posible para que otras compa\u00f1eras y compa\u00f1eros en las mismas circunstancias que las m\u00edas, puedas acceder a que sus nombres sean dignificados\u201d.<\/p>\n\n\n\n<p>El defensor agradeci\u00f3 a quienes no lo abandonaron y siguen en este camino; tambi\u00e9n ofreci\u00f3 disculpas por los momentos de sufrimiento que hizo pasar a sus seres queridos, su familia presente en el acto, pero tambi\u00e9n sostuvo que los que siguen detenidos injustamente la lucha por la justicia continuar\u00e1.<\/p>\n\n\n\n<figure class=\"wp-block-embed is-type-rich is-provider-twitter wp-block-embed-twitter\"><div class=\"wp-block-embed__wrapper\">\n<div class=\"twitter-tweet\"><blockquote class=\"twitter-tweet\" data-lang=\"es\"><p lang=\"es\" dir=\"ltr\">\u201cEste peque\u00f1o acto no colma la sed de justicia de nuestros pueblos y comunidades\u2026 es una diminuta bocanada de aire fresco en la lucha por los derechos humanos\u201d, dijo Dami\u00e1n Gallardo, al aceptar la disculpa p\u00fablica del Estado mexicano. <br>Aprovech\u00f3 tambi\u00e9n para ofrecer disculpa a\u2026 <a href=\"https:\/\/t.co\/Nz0Vg2nYfm\">pic.twitter.com\/Nz0Vg2nYfm<\/a><\/p>&mdash; Zona Roja Oaxaca (@ZonaRoja_Oaxaca) <a href=\"https:\/\/twitter.com\/ZonaRoja_Oaxaca\/status\/1659340409821364224?ref_src=twsrc%5Etfw\">18 de mayo de 2023<\/a><\/blockquote><\/div>\n<\/div><\/figure>\n\n\n\n<p>RECONOCEN TORTURA<\/p>\n\n\n\n<p>En representaci\u00f3n del Estado mexicano, el subsecretario de Derechos Humanos, Alejandro Encinas Rodr\u00edguez, ofreci\u00f3 las disculpas p\u00fablicas, las cuales, dijo, se realizan por convicci\u00f3n para dignificar la honra y trayectoria del profesor Dami\u00e1n Gallardo, su familia y su comunidad, as\u00ed como para reivindicar su lucha como defensor de derechos humanos.<\/p>\n\n\n\n<p>\u201cReconozco que agentes p\u00fablicos incumplieron sus obligaciones y provocaron que Dami\u00e1n Gallardo y su familia fueron objeto de violaciones graves a sus derechos humanos, por lo que ofrecemos una disculpa, honesta, sincera y con convicci\u00f3n por las afectaciones de impacto que estas acciones del Estado Mexicano tuvieron en su vida, familia y comunidad.<\/p>\n\n\n\n<p>\u201cOfrezco una disculpa p\u00fablica por los agravios, maltratos crueles y degradantes de que fue objeto pro falta de acceso a la justicia y los da\u00f1os causados a su familia y su comunidad\u201d, indic\u00f3 el funcionario.<\/p>\n\n\n\n<p>A\u00f1adi\u00f3 que desde el a\u00f1o 2021 el gobierno de M\u00e9xico estableci\u00f3 un acercamiento con Gallardo Mart\u00ednez y Consorcio Oaxaca, que encabeza Y\u00e9sica S\u00e1nchez Maya, para construir un proceso de reparaci\u00f3n integral del da\u00f1o.<\/p>\n\n\n\n<p>INICIA UNA NUEVA ETAPA<\/p>\n\n\n\n<p>\u201cCon el coraz\u00f3n ardiente, contento y completo\u201d, la esposa de Dami\u00e1n Gallardo, Yolanda Barranco Hern\u00e1ndez, describi\u00f3 el sentimiento que le provoca este acto luego que por 10 a\u00f1os el Estado Mexicano rompieron su coraz\u00f3n, el de sus hijos, y familiares del defensor con su detenci\u00f3n y actos de tortura.<\/p>\n\n\n\n<p>La mujer record\u00f3 parte de la lucha que vivi\u00f3 con familiares, amigos y organizaciones que dieron acompa\u00f1amiento en el movimiento social y legal para lograr la libertad de su esposo.<\/p>\n\n\n\n<p>\u201cComo olvidar aquel d\u00eda, c\u00f3mo b\u00f3rralo de nuestras mentes y corazones, c\u00f3mo hacerle. Yo pregunto, c\u00f3mo se le hace para reparar ese da\u00f1o. No se puede reparar\u201d, sostuvo la mujer.<\/p>\n\n\n\n<p>Pese a ello, el acto de disculpas, dijo, representa el inicio de una nueva etapa en sus vidas.<\/p>\n\n\n\n<p>\u201cEste d\u00eda es hist\u00f3rico, no solo para Dami\u00e1n y mi familia, es un logro social. Es un d\u00eda hist\u00f3rico que se lo entrego a todos ustedes, a los que ya se nos adelantaron y no alcanzaron justicia, por ellos va tambi\u00e9n esta disculpa p\u00fablica, que ser\u00e1 el inicio de otra etapa de lucha\u201d.<\/p>\n\n\n\n<p>EL CASO<\/p>\n\n\n\n<p>Dami\u00e1n Gallardo fue sustra\u00eddo de su casa con violencia por parte de Polic\u00edas Federales, encapuchados y armados el 18 de mayo de 2013, cerca de la 01:30 horas.<\/p>\n\n\n\n<p>El profesor integrante de la Secci\u00f3n 22 de SNTE permaneci\u00f3 \u201cdesaparecido\u201d por 30 horas, recibiendo actos de tortura f\u00edsica y psicol\u00f3gica con la intenci\u00f3n de que se autoinculpara en delitos de no cometi\u00f3 e involucrara en hechos criminales a la direcci\u00f3n del movimiento magisterial de ese entones para permitirles su detenci\u00f3n.<\/p>\n\n\n\n<p>El enojo del gobierno mexicano era el movimiento contra la reforma educativa que impuls\u00f3 el presidente Enrique Pe\u00f1a Nieto.<\/p>\n\n\n\n<p>Gallardo Mart\u00ednez fue acusado de secuestro de personas menores de edad y delincuencia organizada.&nbsp; Durante su proceso tampoco se le dio derecho a la defensa.<\/p>\n\n\n\n<p>El 28 de diciembre de 2018, tras una larga lucha jur\u00eddica, pol\u00edtica y social, fue absuelto y liberado.<\/p>\n\n\n\n<p>En tanto que el Comit\u00e9 de las Naciones Unidas contra la Tortura (CAT) resolvi\u00f3 que contra Dami\u00e1n Gallardo se cometieron diversos actos violatorios a sus derechos humanos, entre ellos el de tortura, ausencia a la investigaci\u00f3n pronta e imparcial y estableci\u00f3 la reparaci\u00f3n del da\u00f1o.<\/p>\n\n\n\n<figure class=\"wp-block-embed is-type-rich is-provider-twitter wp-block-embed-twitter\"><div class=\"wp-block-embed__wrapper\">\n<div class=\"twitter-tweet\"><blockquote class=\"twitter-tweet\" data-lang=\"es\"><p lang=\"es\" dir=\"ltr\">En el Acto de Reconocimiento de la Responsabilidad Internacional del Estado Mexicano y Disculpa P\u00fablica al Defensor Dami\u00e1n Gallardo Mart\u00ednez, particip\u00f3 tambi\u00e9n <a href=\"https:\/\/twitter.com\/YesicaS53127681?ref_src=twsrc%5Etfw\">@YesicaS53127681<\/a>, de <a href=\"https:\/\/twitter.com\/consorciooaxaca?ref_src=twsrc%5Etfw\">@consorciooaxaca<\/a>, quien agradeci\u00f3 el respaldo de organismos civiles nacionales e internacionales en\u2026 <a href=\"https:\/\/t.co\/fDrquSPzBG\">pic.twitter.com\/fDrquSPzBG<\/a><\/p>&mdash; Zona Roja Oaxaca (@ZonaRoja_Oaxaca) <a href=\"https:\/\/twitter.com\/ZonaRoja_Oaxaca\/status\/1659388839939522561?ref_src=twsrc%5Etfw\">19 de mayo de 2023<\/a><\/blockquote><\/div>\n<\/div><\/figure>\n","protected":false},"excerpt":{"rendered":"<p>Yuridiana Sosa\/Zona Roja. Oaxaca de Ju\u00e1rez, Oax., a 18 de mayo de 2023.- A 10&hellip;<\/p>\n","protected":false},"author":2,"featured_media":55397,"comment_status":"closed","ping_status":"open","sticky":false,"template":"","format":"standard","meta":{"_lmt_disableupdate":"","_lmt_disable":"","_jetpack_memberships_contains_paid_content":false,"footnotes":""},"categories":[109,46],"tags":[2990],"class_list":["post-55404","post","type-post","status-publish","format-standard","has-post-thumbnail","hentry","category-minuto-a-minuto","category-zona-blanca","tag-damian-gallardo-martinez"],"jetpack_featured_media_url":"https:\/\/zonaroja.com.mx\/wp-content\/uploads\/2023\/05\/Acto-de-Disculpa-Publica-Damian-Gallardo.jpg","jetpack_sharing_enabled":true,"_links":{"self":[{"href":"https:\/\/zonaroja.com.mx\/index.php?rest_route=\/wp\/v2\/posts\/55404","targetHints":{"allow":["GET"]}}],"collection":[{"href":"https:\/\/zonaroja.com.mx\/index.php?rest_route=\/wp\/v2\/posts"}],"about":[{"href":"https:\/\/zonaroja.com.mx\/index.php?rest_route=\/wp\/v2\/types\/post"}],"author":[{"embeddable":true,"href":"https:\/\/zonaroja.com.mx\/index.php?rest_route=\/wp\/v2\/users\/2"}],"replies":[{"embeddable":true,"href":"https:\/\/zonaroja.com.mx\/index.php?rest_route=%2Fwp%2Fv2%2Fcomments&post=55404"}],"version-history":[{"count":1,"href":"https:\/\/zonaroja.com.mx\/index.php?rest_route=\/wp\/v2\/posts\/55404\/revisions"}],"predecessor-version":[{"id":55405,"href":"https:\/\/zonaroja.com.mx\/index.php?rest_route=\/wp\/v2\/posts\/55404\/revisions\/55405"}],"wp:featuredmedia":[{"embeddable":true,"href":"https:\/\/zonaroja.com.mx\/index.php?rest_route=\/wp\/v2\/media\/55397"}],"wp:attachment":[{"href":"https:\/\/zonaroja.com.mx\/index.php?rest_route=%2Fwp%2Fv2%2Fmedia&parent=55404"}],"wp:term":[{"taxonomy":"category","embeddable":true,"href":"https:\/\/zonaroja.com.mx\/index.php?rest_route=%2Fwp%2Fv2%2Fcategories&post=55404"},{"taxonomy":"post_tag","embeddable":true,"href":"https:\/\/zonaroja.com.mx\/index.php?rest_route=%2Fwp%2Fv2%2Ftags&post=55404"}],"curies":[{"name":"wp","href":"https:\/\/api.w.org\/{rel}","templated":true}]}}