{"id":55406,"date":"2023-05-18T22:25:04","date_gmt":"2023-05-19T03:25:04","guid":{"rendered":"http:\/\/www.zonaroja.com.mx\/?p=55406"},"modified":"2023-05-18T22:25:08","modified_gmt":"2023-05-19T03:25:08","slug":"presenta-en-oaxaca-movimiento-por-ella-por-todas","status":"publish","type":"post","link":"https:\/\/zonaroja.com.mx\/?p=55406","title":{"rendered":"Presenta en Oaxaca movimiento \u201cPor Ella, Por Todas\u201d"},"content":{"rendered":"\n<p>Redacci\u00f3n\/Zona Roja.<\/p>\n\n\n\n<p>Oaxaca de Ju\u00e1rez, Oax., a 18 de mayo de 2023.- Desde la tierra de Margarita Maza, de Juana Cata y Mar\u00eda Sabina, decenas de mujeres oaxaque\u00f1as de los \u00e1mbitos empresarial, cultural, acad\u00e9mico, colectivos feministas y de la sociedad civil se sumaron al movimiento \u201cPor Ella, Por Todas\u201d, con la determinaci\u00f3n y convicci\u00f3n de romper los techos de cristal y llevar por primera vez a una mujer a la Presidencia de la Rep\u00fablica.&nbsp;<\/p>\n\n\n\n<p>En el encuentro las fundadoras del movimiento, la abogada y diputada local oaxaque\u00f1a Mariana Ben\u00edtez Tiburcio, la exdiputada federal de la Ciudad de M\u00e9xico y abogada feministas Lorena Villavicencio Ayala; as\u00ed como la exdiputada local de la Ciudad de M\u00e9xico Teresa Ramos, coincidieron que \u201cPor Ellas, Por Todas\u201d se distingue por ser apartidista y abanderar una sola causa que tiene como prop\u00f3sito hacer Presidenta de la Rep\u00fablica a la doctora Claudia Sheinbaum.<\/p>\n\n\n\n<p>\u201cYo veo la necesidad de un cambio de ra\u00edz, Mexico lo necesita, es tiempo de que emerja con toda su fuerza el liderazgo femenino, ese liderazgo que ponga la mirada en las demandas que tenemos las mujeres: queremos igualdad, queremos derrotar la desigualdad, y vivir libres de violencia. Ese cambio estoy segura &nbsp;que lo lograremos de la mano de Claudia Sheinbaum\u201d, resalt\u00f3 la diputada local Mariana Ben\u00edtez Tiburcio.&nbsp;<\/p>\n\n\n\n<p>En conferencia de prensa, la legisladora oaxaque\u00f1a abund\u00f3 que de manera colectiva se construye una agenda de mujeres para emprender un cambio de fondo con los retos que enfrentan todos los d\u00edas como la violencia, la desigualdad econ\u00f3mica, la discriminaci\u00f3n, los matrimonios forzados y la falta de acceso a la justicia y oportunidades para todas las mujeres.<\/p>\n\n\n\n<p>\u201cPor eso hemos tomado el reto de romper los techos de cristal juntas para llegar de la mano de una mujer a la Presidencia, lo hemos logrado poco a poco en las presidencias municipales, diputaciones, gobiernos locales, las mujeres haremos ese cambio\u201d, destac\u00f3.<\/p>\n\n\n\n<p>En su mensaje, la exdiputada federal Lorena Villavicencio destac\u00f3 que el movimiento \u201cPor Ella, Por Todas\u201d realizada desde hace varios meses en territorio nacional, un proceso de empoderamiento colectivo y de despertar de todas las mujeres mexicanas.<\/p>\n\n\n\n<figure class=\"wp-block-embed is-type-rich is-provider-twitter wp-block-embed-twitter\"><div class=\"wp-block-embed__wrapper\">\n<div class=\"twitter-tweet\"><blockquote class=\"twitter-tweet\" data-lang=\"es\"><p lang=\"es\" dir=\"ltr\">En la capital de <a href=\"https:\/\/twitter.com\/hashtag\/Oaxaca?src=hash&amp;ref_src=twsrc%5Etfw\">#Oaxaca<\/a>, decenas de mujeres de los \u00e1mbitos empresarial, cultural, acad\u00e9mico, colectivos feministas y de la sociedad civil se sumaron al movimiento \u201cPor Ella, Por Todas\u201d, con la determinaci\u00f3n y convicci\u00f3n de romper los techos de cristal y llevar por primera vez a\u2026 <a href=\"https:\/\/t.co\/qE2V3tOPSB\">pic.twitter.com\/qE2V3tOPSB<\/a><\/p>&mdash; Zona Roja Oaxaca (@ZonaRoja_Oaxaca) <a href=\"https:\/\/twitter.com\/ZonaRoja_Oaxaca\/status\/1659317238850113540?ref_src=twsrc%5Etfw\">18 de mayo de 2023<\/a><\/blockquote><\/div>\n<\/div><\/figure>\n\n\n\n<p>La abogada feminista sostuvo que las mujeres por a\u00f1os se enfrentan con barreras y resistencias, que necesitan la osad\u00eda de todas las mexicanas para asumir el reto de llevar a una mujer al frente del pa\u00eds como lo es la Jefa de Gobierno.&nbsp;<\/p>\n\n\n\n<p>\u201cHoy desde Oaxaca hacemos un llamado a todas las mujeres para construir juntas un pa\u00eds donde las mexicanas ejerzan sus derechos. Buscamos la dignidad profunda de todas las mujeres\u201d, asever\u00f3.&nbsp;<\/p>\n\n\n\n<p>En su oportunidad, la exdiputada local de la Ciudad de M\u00e9xico, Teresa Ramos sostuvo que la Jefa de Gobierno ha demostrado su compromiso con la causa de las mujeres al emprender desde su gobierno castigos contra la violencia familiar, el aumento de las penas para el feminicidio y sanciones a los delitos como la violencia digital y para agresores sexuales.<\/p>\n\n\n\n<p>\u201cLa doctora Claudia Sheinbaum es una mujer emp\u00e1tica, es una mujer sensible, es una mujer preparada y es una mujer con la que m\u00e1s all\u00e1 de los colores y de los partidos pol\u00edticos nos identificamos como mexicanas\u201d, afirm\u00f3.&nbsp;<\/p>\n\n\n\n<p>En este contexto, la cantante oaxaque\u00f1a Geo Meneses sostuvo que hoy en Oaxaca y el pa\u00eds, las mujeres se han unido en un solo clamor para dar su respaldo a Claudia Sheinbaum, porque M\u00e9xico se merece su inteligencia, valor, determinaci\u00f3n, sensibilidad, creatividad y entrega.<\/p>\n\n\n\n<p>\u201cHace a\u00f1os atr\u00e1s era impensable ver a las mujeres en la vida publica, hoy el futuro de las mujeres en nuestra patria debe cambiar a uno que nos permita crecer y desarrollarnos en libertad con garant\u00edas de seguridad\u201d, externo.&nbsp;<\/p>\n\n\n\n<p>En estas actividades tambi\u00e9n participaron&nbsp;la acad\u00e9mica y gestora cultural, Concepci\u00f3n Villalobos, la doctora M\u00f3nica Garc\u00eda, la empresaria Nina Escamilla Calleja, la abogada Beatriz Rodr\u00edguez y la dise\u00f1adora Araceli Huerta, entre otras; quienes enfatizaron que existen todas las condiciones para lograr la hist\u00f3rica haza\u00f1a de romper el techo de cristal m\u00e1s alto del pa\u00eds y lograr por primera vez que una mujer sea Presidenta de M\u00e9xico, y con ello consolidar una igualdad sustantiva entre mujeres y hombres.<\/p>\n","protected":false},"excerpt":{"rendered":"<p>Redacci\u00f3n\/Zona Roja. Oaxaca de Ju\u00e1rez, Oax., a 18 de mayo de 2023.- Desde la tierra&hellip;<\/p>\n","protected":false},"author":2,"featured_media":55398,"comment_status":"closed","ping_status":"open","sticky":false,"template":"","format":"standard","meta":{"_lmt_disableupdate":"","_lmt_disable":"","_jetpack_memberships_contains_paid_content":false,"footnotes":""},"categories":[109,46],"tags":[2969],"class_list":["post-55406","post","type-post","status-publish","format-standard","has-post-thumbnail","hentry","category-minuto-a-minuto","category-zona-blanca","tag-mariana-benitez-tiburcio"],"jetpack_featured_media_url":"https:\/\/zonaroja.com.mx\/wp-content\/uploads\/2023\/05\/Mariana-Beninrez-Tiburcio-mujeres.jpg","jetpack_sharing_enabled":true,"_links":{"self":[{"href":"https:\/\/zonaroja.com.mx\/index.php?rest_route=\/wp\/v2\/posts\/55406","targetHints":{"allow":["GET"]}}],"collection":[{"href":"https:\/\/zonaroja.com.mx\/index.php?rest_route=\/wp\/v2\/posts"}],"about":[{"href":"https:\/\/zonaroja.com.mx\/index.php?rest_route=\/wp\/v2\/types\/post"}],"author":[{"embeddable":true,"href":"https:\/\/zonaroja.com.mx\/index.php?rest_route=\/wp\/v2\/users\/2"}],"replies":[{"embeddable":true,"href":"https:\/\/zonaroja.com.mx\/index.php?rest_route=%2Fwp%2Fv2%2Fcomments&post=55406"}],"version-history":[{"count":1,"href":"https:\/\/zonaroja.com.mx\/index.php?rest_route=\/wp\/v2\/posts\/55406\/revisions"}],"predecessor-version":[{"id":55407,"href":"https:\/\/zonaroja.com.mx\/index.php?rest_route=\/wp\/v2\/posts\/55406\/revisions\/55407"}],"wp:featuredmedia":[{"embeddable":true,"href":"https:\/\/zonaroja.com.mx\/index.php?rest_route=\/wp\/v2\/media\/55398"}],"wp:attachment":[{"href":"https:\/\/zonaroja.com.mx\/index.php?rest_route=%2Fwp%2Fv2%2Fmedia&parent=55406"}],"wp:term":[{"taxonomy":"category","embeddable":true,"href":"https:\/\/zonaroja.com.mx\/index.php?rest_route=%2Fwp%2Fv2%2Fcategories&post=55406"},{"taxonomy":"post_tag","embeddable":true,"href":"https:\/\/zonaroja.com.mx\/index.php?rest_route=%2Fwp%2Fv2%2Ftags&post=55406"}],"curies":[{"name":"wp","href":"https:\/\/api.w.org\/{rel}","templated":true}]}}