{"id":55408,"date":"2023-05-19T09:32:00","date_gmt":"2023-05-19T14:32:00","guid":{"rendered":"http:\/\/www.zonaroja.com.mx\/?p=55408"},"modified":"2023-05-19T07:55:59","modified_gmt":"2023-05-19T12:55:59","slug":"logra-fiscalia-dos-sentencias-por-abuso-sexual-contra-menores-cometidos-en-el-istmo","status":"publish","type":"post","link":"https:\/\/zonaroja.com.mx\/?p=55408","title":{"rendered":"Logra Fiscal\u00eda dos sentencias por abuso sexual contra menores, cometidos en el Istmo"},"content":{"rendered":"\n<p>Redacci\u00f3n\/Zona Roja.<\/p>\n\n\n\n<p>Oaxaca de Ju\u00e1rez, Oax., a 19 de mayo de 2023.- El trabajo especializado para que las infancias tengan pleno acceso a la justicia, permiti\u00f3 que la Fiscal\u00eda General del Estado de Oaxaca (FGEO) obtuviera dos sentencias condenatorias por dos casos de Abuso Sexual Agravado, cometido en contra de una ni\u00f1a y un ni\u00f1o, en hechos distintos ocurridos en la regi\u00f3n del Istmo de Tehuantepec.<\/p>\n\n\n\n<p>El primer caso sucedi\u00f3 entre el 19 y 21 de febrero de 2021, cuando la persona del sexo masculino identificada como A. R. R., agredi\u00f3 sexualmente a un ni\u00f1o que en ese momento ten\u00eda tres a\u00f1os de edad, en un domicilio particular localizado en la localidad de Palomares, en el municipio de Mat\u00edas Romero Avenda\u00f1o.<\/p>\n\n\n\n<p>Ante la denuncia del caso, la Vicefiscal\u00eda Regional del Istmo atrajo las investigaciones que condujeron a la detenci\u00f3n de A. R. R. y su posterior puesta a disposici\u00f3n del Juez, ante quien se demostr\u00f3 su grado de responsabilidad, por lo que se le impuso la pena de 4 a\u00f1os y 6 meses de prisi\u00f3n por la comisi\u00f3n del delito de Abuso Sexual Agravado.<\/p>\n\n\n\n<p>Mientras que, el segundo caso, sucedi\u00f3 el 31 de julio de 2019, cuando eran la v\u00edctima, una ni\u00f1a de 9 a\u00f1os de edad, acudi\u00f3 a una tienda localizada en la Colonia Morelos, del puerto de Salina Cruz, donde H. R. A., la agredi\u00f3 sexualmente.<\/p>\n\n\n\n<p>Ante el ataque, la v\u00edctima denunci\u00f3 ante la FGEO, por lo que se realizaron las indagatorias correspondientes que permitieron demostrar su responsabilidad, derivado de lo cual, el Juez que atiende la causa impuso la pena de 4 a\u00f1os y 6 meses de prisi\u00f3n en contra de H. R. A.<\/p>\n\n\n\n<p>La Fiscal\u00eda de Oaxaca cuenta con equipos multidisciplinarios que brindan atenci\u00f3n integral a las v\u00edctimas directas e indirectas de delitos cometidos en contra de ni\u00f1as, ni\u00f1os y adolescentes, para darles acompa\u00f1amiento en cada momento del proceso de procuraci\u00f3n&nbsp;de&nbsp;justicia.<\/p>\n","protected":false},"excerpt":{"rendered":"<p>Redacci\u00f3n\/Zona Roja. Oaxaca de Ju\u00e1rez, Oax., a 19 de mayo de 2023.- El trabajo especializado&hellip;<\/p>\n","protected":false},"author":2,"featured_media":42250,"comment_status":"closed","ping_status":"open","sticky":false,"template":"","format":"standard","meta":{"_lmt_disableupdate":"","_lmt_disable":"","_jetpack_memberships_contains_paid_content":false,"footnotes":""},"categories":[109,46],"tags":[494],"class_list":["post-55408","post","type-post","status-publish","format-standard","has-post-thumbnail","hentry","category-minuto-a-minuto","category-zona-blanca","tag-fiscalia-general-del-estado-de-oaxaca"],"jetpack_featured_media_url":"https:\/\/zonaroja.com.mx\/wp-content\/uploads\/2022\/06\/Tribunal-sentencia-3.jpeg","jetpack_sharing_enabled":true,"_links":{"self":[{"href":"https:\/\/zonaroja.com.mx\/index.php?rest_route=\/wp\/v2\/posts\/55408","targetHints":{"allow":["GET"]}}],"collection":[{"href":"https:\/\/zonaroja.com.mx\/index.php?rest_route=\/wp\/v2\/posts"}],"about":[{"href":"https:\/\/zonaroja.com.mx\/index.php?rest_route=\/wp\/v2\/types\/post"}],"author":[{"embeddable":true,"href":"https:\/\/zonaroja.com.mx\/index.php?rest_route=\/wp\/v2\/users\/2"}],"replies":[{"embeddable":true,"href":"https:\/\/zonaroja.com.mx\/index.php?rest_route=%2Fwp%2Fv2%2Fcomments&post=55408"}],"version-history":[{"count":2,"href":"https:\/\/zonaroja.com.mx\/index.php?rest_route=\/wp\/v2\/posts\/55408\/revisions"}],"predecessor-version":[{"id":55415,"href":"https:\/\/zonaroja.com.mx\/index.php?rest_route=\/wp\/v2\/posts\/55408\/revisions\/55415"}],"wp:featuredmedia":[{"embeddable":true,"href":"https:\/\/zonaroja.com.mx\/index.php?rest_route=\/wp\/v2\/media\/42250"}],"wp:attachment":[{"href":"https:\/\/zonaroja.com.mx\/index.php?rest_route=%2Fwp%2Fv2%2Fmedia&parent=55408"}],"wp:term":[{"taxonomy":"category","embeddable":true,"href":"https:\/\/zonaroja.com.mx\/index.php?rest_route=%2Fwp%2Fv2%2Fcategories&post=55408"},{"taxonomy":"post_tag","embeddable":true,"href":"https:\/\/zonaroja.com.mx\/index.php?rest_route=%2Fwp%2Fv2%2Ftags&post=55408"}],"curies":[{"name":"wp","href":"https:\/\/api.w.org\/{rel}","templated":true}]}}