{"id":55411,"date":"2023-05-19T07:54:56","date_gmt":"2023-05-19T12:54:56","guid":{"rendered":"http:\/\/www.zonaroja.com.mx\/?p=55411"},"modified":"2023-05-19T07:55:00","modified_gmt":"2023-05-19T12:55:00","slug":"congrega-a-miles-de-personas-las-fiestas-de-xoxocotlan","status":"publish","type":"post","link":"https:\/\/zonaroja.com.mx\/?p=55411","title":{"rendered":"Congrega a miles de personas las fiestas de Xoxocotl\u00e1n"},"content":{"rendered":"\n<p>Redacci\u00f3n\/Zona Roja.<\/p>\n\n\n\n<p>Santa Cruz Xoxocotl\u00e1n, Oax., a 19 de mayo de 2023.- Cuando menos unas tres mil personas se dieron cita este jueves en esta poblaci\u00f3n para venerar al Se\u00f1or de la Ascensi\u00f3n en su d\u00eda.<\/p>\n\n\n\n<p>Ocasi\u00f3n en la que el presidente municipal, Inocente Castellanos Alejos, por segundo a\u00f1o consecutivo, funge como el anfitri\u00f3n principal de la festividad y quien, junto a integrantes de su Cabildo, recibieron a pobladores y visitantes que se dieron cita desde las seis de la ma\u00f1ana para la conmemoraci\u00f3n.<\/p>\n\n\n\n<p>Con las ma\u00f1anitas tradicionales, inici\u00f3 el festejo al que familias completas acudieron a las misas y despu\u00e9s, al desayuno y comida ofrecidos por la autoridad municipal que, desde hace casi 350 a\u00f1os es responsable de la fiesta cat\u00f3lica de mayor relevancia en la comunidad.<\/p>\n\n\n\n<p>Orgulloso de sus ra\u00edces, el doctor \u201cChente\u201d Castellanos dio la bienvenida a quienes se hicieron presentes, con quienes camino las calles de la comunidad y comparti\u00f3 el pan y la sal:<\/p>\n\n\n\n<p>\u201cEn Xoxo son bien recibidas todas las personas que vengan a celebrar, junto con nosotros, esta festividad tan importante, que adem\u00e1s es una oportunidad de mostrar nuestra riqueza cultural, gastron\u00f3mica y tradicional; con honor, fe y en unidad, las y los xoxe\u00f1os les damos la bienvenida\u201d, dijo el edil al recibir a los asistentes.<\/p>\n\n\n\n<figure class=\"wp-block-embed is-type-rich is-provider-twitter wp-block-embed-twitter\"><div class=\"wp-block-embed__wrapper\">\n<div class=\"twitter-tweet\"><blockquote class=\"twitter-tweet\" data-lang=\"es\"><p lang=\"es\" dir=\"ltr\">Valoramos y preservamos la riqueza cultural con nuestros pueblos hermanos a trav\u00e9s de la Danza de la Pluma, gracias a los grupos de San Pablo G\u00fcil\u00e1 y San Juan Bautista La Raya por su participaci\u00f3n. <a href=\"https:\/\/t.co\/gmoBnugOH7\">pic.twitter.com\/gmoBnugOH7<\/a><\/p>&mdash; H. Ayuntamiento de Santa Cruz Xoxocotl\u00e1n (@GobXoxocotlan) <a href=\"https:\/\/twitter.com\/GobXoxocotlan\/status\/1659322251622203393?ref_src=twsrc%5Etfw\">18 de mayo de 2023<\/a><\/blockquote><\/div>\n<\/div><\/figure>\n\n\n\n<p>DANZA DE LA PLUMA<\/p>\n\n\n\n<p>Ni\u00f1as, ni\u00f1os y adolescentes provenientes de las comunidades de San Pablo G\u00fcil\u00e1 y San Juan Bautista la Raya, deleitaron a los presentes en el encuentro que sostuvieron en el parque central para presentar sus versiones de la Danza de la Pluma, baile que ha puesto a Oaxaca frente a los ojos del mundo y cuya presentaci\u00f3n form\u00f3 parte de las actividades que se realizan en el marco de la fiesta.<\/p>\n\n\n\n<p>Una vez m\u00e1s el pueblo da muestra de su enorme devoci\u00f3n, las familias xoxe\u00f1as cumplen con la costumbre que se arraig\u00f3, que se transmite de generaci\u00f3n en generaci\u00f3n y hoy se ha convertido en una hermosa tradici\u00f3n.&nbsp;<\/p>\n\n\n\n<p>Exactamente 40 d\u00edas despu\u00e9s del Domingo de Resurrecci\u00f3n, en esta comunidad se conmemora esta solemnidad cristiana que se reconoce como la titular del pueblo, y en ella, se involucra toda la autoridad municipal: la Ascensi\u00f3n del Se\u00f1or.<\/p>\n\n\n\n<p>La historia se\u00f1ala que, en 1675, se termin\u00f3 la construcci\u00f3n de la parroquia de Santa Elena de la Cruz y entonces se consagr\u00f3 al ocho de mayo de ese mismo a\u00f1o, el segundo misterio glorioso del Rosario, &#8211; la Ascensi\u00f3n del Se\u00f1or-, a partir de entonces se determin\u00f3 que la autoridad municipal, se responsabilizara de la celebraci\u00f3n.<\/p>\n\n\n\n<p>Hoy, como hace poco m\u00e1s de 300 a\u00f1os, la autoridad, la poblaci\u00f3n y los visitantes, cumplen con ese acto de devoci\u00f3n que proyecta la riqueza tradicional de Xoxo.<\/p>\n","protected":false},"excerpt":{"rendered":"<p>Redacci\u00f3n\/Zona Roja. Santa Cruz Xoxocotl\u00e1n, Oax., a 19 de mayo de 2023.- Cuando menos unas&hellip;<\/p>\n","protected":false},"author":2,"featured_media":55413,"comment_status":"closed","ping_status":"open","sticky":false,"template":"","format":"standard","meta":{"_lmt_disableupdate":"","_lmt_disable":"","_jetpack_memberships_contains_paid_content":false,"footnotes":""},"categories":[109,46],"tags":[133],"class_list":["post-55411","post","type-post","status-publish","format-standard","has-post-thumbnail","hentry","category-minuto-a-minuto","category-zona-blanca","tag-santa-cruz-xoxocotlan"],"jetpack_featured_media_url":"https:\/\/zonaroja.com.mx\/wp-content\/uploads\/2023\/05\/Fiestas-Xoxo-Chente-Castellanos.jpg","jetpack_sharing_enabled":true,"_links":{"self":[{"href":"https:\/\/zonaroja.com.mx\/index.php?rest_route=\/wp\/v2\/posts\/55411","targetHints":{"allow":["GET"]}}],"collection":[{"href":"https:\/\/zonaroja.com.mx\/index.php?rest_route=\/wp\/v2\/posts"}],"about":[{"href":"https:\/\/zonaroja.com.mx\/index.php?rest_route=\/wp\/v2\/types\/post"}],"author":[{"embeddable":true,"href":"https:\/\/zonaroja.com.mx\/index.php?rest_route=\/wp\/v2\/users\/2"}],"replies":[{"embeddable":true,"href":"https:\/\/zonaroja.com.mx\/index.php?rest_route=%2Fwp%2Fv2%2Fcomments&post=55411"}],"version-history":[{"count":1,"href":"https:\/\/zonaroja.com.mx\/index.php?rest_route=\/wp\/v2\/posts\/55411\/revisions"}],"predecessor-version":[{"id":55414,"href":"https:\/\/zonaroja.com.mx\/index.php?rest_route=\/wp\/v2\/posts\/55411\/revisions\/55414"}],"wp:featuredmedia":[{"embeddable":true,"href":"https:\/\/zonaroja.com.mx\/index.php?rest_route=\/wp\/v2\/media\/55413"}],"wp:attachment":[{"href":"https:\/\/zonaroja.com.mx\/index.php?rest_route=%2Fwp%2Fv2%2Fmedia&parent=55411"}],"wp:term":[{"taxonomy":"category","embeddable":true,"href":"https:\/\/zonaroja.com.mx\/index.php?rest_route=%2Fwp%2Fv2%2Fcategories&post=55411"},{"taxonomy":"post_tag","embeddable":true,"href":"https:\/\/zonaroja.com.mx\/index.php?rest_route=%2Fwp%2Fv2%2Ftags&post=55411"}],"curies":[{"name":"wp","href":"https:\/\/api.w.org\/{rel}","templated":true}]}}