{"id":55418,"date":"2023-05-19T10:26:00","date_gmt":"2023-05-19T15:26:00","guid":{"rendered":"http:\/\/www.zonaroja.com.mx\/?p=55418"},"modified":"2023-05-19T08:28:55","modified_gmt":"2023-05-19T13:28:55","slug":"reconoce-titular-de-la-sedena-que-adquirio-departamento-a-proveedor","status":"publish","type":"post","link":"https:\/\/zonaroja.com.mx\/?p=55418","title":{"rendered":"Reconoce titular de la Sedena que adquiri\u00f3 departamento\u2026 a proveedor\u00a0"},"content":{"rendered":"\n<p>Redacci\u00f3n\/Zona Roja Cdmx.<\/p>\n\n\n\n<p>Ciudad de M\u00e9xico, a 19 de mayo de 2023.- El secretario de la Defensa Nacional, Luis Cresencio Sandoval, acept\u00f3 que es due\u00f1o de un departamento de 407 metros cuadrados ubicado en el fraccionamiento Bosque Real, en Huixquilucan, Estado de M\u00e9xico, el cual compr\u00f3 por nueve millones de pesos a una contratista de la Sedena.<\/p>\n\n\n\n<p>\u201cSobre este departamento que adquir\u00ed casi al inicio de la administraci\u00f3n, lo adquir\u00ed en el precio que dice la nota, pero lo que no menciona esa nota es que el departamento era obra gris, ese departamento ten\u00eda 11 a\u00f1os de que hab\u00eda sido construido y por alguna circunstancia las personas due\u00f1as no hab\u00edan hecho los acabados. Esa fue la oportunidad que tuve para adquirirlo a ese precio en ese lugar. No es cierto que cueste 30 millones de pesos ese departamento. Lo adquir\u00ed a trav\u00e9s de un pr\u00e9stamo del Banco del Ej\u00e9rcito\u201d, explic\u00f3 este jueves.<\/p>\n\n\n\n<p>Una investigaci\u00f3n de Mexicanos contra la Corrupci\u00f3n y la Impunidad (MCCI) revel\u00f3 que el general adquiri\u00f3 un departamento de 407 metros cuadrados en la zona residencial de Huixquilucan, a una proveedora de la Sedena: Protective Materials Technology SA de CV.<\/p>\n\n\n\n<p>El secretario explic\u00f3 que la proveedora obtuvo el contrato luego de participar en una licitaci\u00f3n.<\/p>\n\n\n\n<p>\u201cHa participado en varias ocasiones y solamente una, casi dos a\u00f1os despu\u00e9s de que yo adquir\u00ed este departamento, particip\u00f3 y gan\u00f3 en una licitaci\u00f3n, una licitaci\u00f3n p\u00fablica\u201d, asegur\u00f3.<\/p>\n\n\n\n<p>(Informaci\u00f3n de \u201cExpansi\u00f3n Pol\u00edtica\u201d)<\/p>\n","protected":false},"excerpt":{"rendered":"<p>Redacci\u00f3n\/Zona Roja Cdmx. Ciudad de M\u00e9xico, a 19 de mayo de 2023.- El secretario de&hellip;<\/p>\n","protected":false},"author":2,"featured_media":55419,"comment_status":"closed","ping_status":"open","sticky":false,"template":"","format":"standard","meta":{"_lmt_disableupdate":"","_lmt_disable":"","_jetpack_memberships_contains_paid_content":false,"footnotes":""},"categories":[109,47],"tags":[3162],"class_list":["post-55418","post","type-post","status-publish","format-standard","has-post-thumbnail","hentry","category-minuto-a-minuto","category-zona-gris","tag-luis-crescencio-sandoval-sedena"],"jetpack_featured_media_url":"https:\/\/zonaroja.com.mx\/wp-content\/uploads\/2023\/05\/Departamento-Luis-Crescencio-Sandoval-Sedena.webp","jetpack_sharing_enabled":true,"_links":{"self":[{"href":"https:\/\/zonaroja.com.mx\/index.php?rest_route=\/wp\/v2\/posts\/55418","targetHints":{"allow":["GET"]}}],"collection":[{"href":"https:\/\/zonaroja.com.mx\/index.php?rest_route=\/wp\/v2\/posts"}],"about":[{"href":"https:\/\/zonaroja.com.mx\/index.php?rest_route=\/wp\/v2\/types\/post"}],"author":[{"embeddable":true,"href":"https:\/\/zonaroja.com.mx\/index.php?rest_route=\/wp\/v2\/users\/2"}],"replies":[{"embeddable":true,"href":"https:\/\/zonaroja.com.mx\/index.php?rest_route=%2Fwp%2Fv2%2Fcomments&post=55418"}],"version-history":[{"count":1,"href":"https:\/\/zonaroja.com.mx\/index.php?rest_route=\/wp\/v2\/posts\/55418\/revisions"}],"predecessor-version":[{"id":55420,"href":"https:\/\/zonaroja.com.mx\/index.php?rest_route=\/wp\/v2\/posts\/55418\/revisions\/55420"}],"wp:featuredmedia":[{"embeddable":true,"href":"https:\/\/zonaroja.com.mx\/index.php?rest_route=\/wp\/v2\/media\/55419"}],"wp:attachment":[{"href":"https:\/\/zonaroja.com.mx\/index.php?rest_route=%2Fwp%2Fv2%2Fmedia&parent=55418"}],"wp:term":[{"taxonomy":"category","embeddable":true,"href":"https:\/\/zonaroja.com.mx\/index.php?rest_route=%2Fwp%2Fv2%2Fcategories&post=55418"},{"taxonomy":"post_tag","embeddable":true,"href":"https:\/\/zonaroja.com.mx\/index.php?rest_route=%2Fwp%2Fv2%2Ftags&post=55418"}],"curies":[{"name":"wp","href":"https:\/\/api.w.org\/{rel}","templated":true}]}}