{"id":55423,"date":"2023-05-19T11:56:00","date_gmt":"2023-05-19T16:56:00","guid":{"rendered":"http:\/\/www.zonaroja.com.mx\/?p=55423"},"modified":"2023-05-19T08:57:56","modified_gmt":"2023-05-19T13:57:56","slug":"mexico-registro-2195-crimenes-de-extrema-violencia-en-4-meses","status":"publish","type":"post","link":"https:\/\/zonaroja.com.mx\/?p=55423","title":{"rendered":"M\u00e9xico registr\u00f3 2,195 cr\u00edmenes de extrema violencia en 4 meses"},"content":{"rendered":"\n<p>Redacci\u00f3n\/Zona Roja Cdmx.<\/p>\n\n\n\n<p>Ciudad de M\u00e9xico, a 18 de mayo de 2023.- M\u00e9xico registr\u00f3 en los primeros cuatro meses del a\u00f1o al menos 2 mil 195 cr\u00edmenes de \u201cextrema violencia\u201c, con un promedio de 18 \u201catrocidades\u201d diarias, asegur\u00f3 un informe de la organizaci\u00f3n mexicana Causa en Com\u00fan.<\/p>\n\n\n\n<p>El primer estudio del a\u00f1o de \u201cGaler\u00eda del horror: atrocidades y eventos de alto impacto registrados en medios period\u00edsticos\u201d muestra un alza interanual de 13 por ciento respecto de 2022, cuando se reportaron mil 940 de este tipo de sucesos.<\/p>\n\n\n\n<p>El reporte destaca que el asesinato de mujeres con crueldad extrema es la segunda atrocidad m\u00e1s presente en el territorio mexicano, despu\u00e9s de la tortura.<\/p>\n\n\n\n<p>En el periodo enero-abril se encontraron al menos 324 casos, equivalente a un promedio de 19 casos cada semana.<\/p>\n\n\n\n<p>En tanto, la muestra indic\u00f3 un acumulado de 94 asesinatos de ni\u00f1as, ni\u00f1os y adolescentes, es decir, un promedio de 24 ni\u00f1os al mes.<\/p>\n\n\n\n<p>En el caso de tortura, el estudio de Causa en Com\u00fan indic\u00f3 664 atrocidades de este tipo, as\u00ed como 196 mutilaciones, descuartizamientos y destrucci\u00f3n de cad\u00e1veres.<\/p>\n\n\n\n<p>Tambi\u00e9n se\u00f1al\u00f3 al menos 161 masacres en el primer cuatrimestre del a\u00f1o.<\/p>\n\n\n\n<p>Adem\u00e1s, el estudio sostiene que los actos violentos contra autoridades, violaciones agravadas y calcinamientos son otro tipo de atrocidades que han aumentado.<\/p>\n\n\n\n<p>Aunque la criminalidad se identific\u00f3 en todo el pa\u00eds, Causa en Com\u00fan especific\u00f3 que las cinco entidades mexicanas con m\u00e1s atrocidades en este tiempo fueron: Chihuahua, Baja California, Guanajuato, Guerrero y Morelos.<\/p>\n\n\n\n<p>En tanto, acot\u00f3 que a los reportes period\u00edsticos en los que se basa el informe peri\u00f3dico le faltar\u00eda sumar un n\u00famero indeterminado de atrocidades que no registr\u00f3 la prensa.<\/p>\n\n\n\n<p>Para atender esta situaci\u00f3n en el pa\u00eds, Causa en Com\u00fan tambi\u00e9n plantea aproximaciones sociol\u00f3gicas que trasciendan los enfoques meramente polic\u00edacos y que permitan la comprensi\u00f3n de las realidades locales, por lo que pidi\u00f3 a ciudadanos exigir a las autoridades la resoluci\u00f3n de estos casos \u201ccon investigaciones s\u00f3lidas\u201d.<\/p>\n\n\n\n<p>\u201cEs evidente que la acumulaci\u00f3n de violencias y atrocidades refleja patolog\u00edas graves que presentan un reto social may\u00fasculo. A los enfoques policiales y sociol\u00f3gicos, deben sumarse enfoques psicol\u00f3gicos\u201d, se lee en sus recomendaciones.<\/p>\n\n\n\n<p>La organizaci\u00f3n mexicana demand\u00f3 dotar recursos a la Comisi\u00f3n Ejecutiva de Atenci\u00f3n a V\u00edctimas y a la Comisi\u00f3n Nacional de B\u00fasqueda para garantizar servicios esenciales, y atenci\u00f3n jur\u00eddica y econ\u00f3mica a las v\u00edctimas de atrocidades.<\/p>\n\n\n\n<p>\u201cEs necesario financiar proyectos que ayuden a documentar, visibilizar y explicar las violencias que se ejercen en el pa\u00eds a fin de generar propuestas que prevengan y tiendan la grave situaci\u00f3n de criminalidad que atraviesa el pa\u00eds\u201d, concluy\u00f3.<\/p>\n\n\n\n<p>(Con informaci\u00f3n de EFE)<\/p>\n","protected":false},"excerpt":{"rendered":"<p>Redacci\u00f3n\/Zona Roja Cdmx. Ciudad de M\u00e9xico, a 18 de mayo de 2023.- M\u00e9xico registr\u00f3 en&hellip;<\/p>\n","protected":false},"author":2,"featured_media":44861,"comment_status":"closed","ping_status":"open","sticky":false,"template":"","format":"standard","meta":{"_lmt_disableupdate":"","_lmt_disable":"","_jetpack_memberships_contains_paid_content":false,"footnotes":""},"categories":[109,47],"tags":[2376,1746],"class_list":["post-55423","post","type-post","status-publish","format-standard","has-post-thumbnail","hentry","category-minuto-a-minuto","category-zona-gris","tag-causa-en-comun","tag-violencia-en-mexico"],"jetpack_featured_media_url":"https:\/\/zonaroja.com.mx\/wp-content\/uploads\/2022\/08\/Escena-del-crimen-asesinato-muerte-homicidio.jpeg","jetpack_sharing_enabled":true,"_links":{"self":[{"href":"https:\/\/zonaroja.com.mx\/index.php?rest_route=\/wp\/v2\/posts\/55423","targetHints":{"allow":["GET"]}}],"collection":[{"href":"https:\/\/zonaroja.com.mx\/index.php?rest_route=\/wp\/v2\/posts"}],"about":[{"href":"https:\/\/zonaroja.com.mx\/index.php?rest_route=\/wp\/v2\/types\/post"}],"author":[{"embeddable":true,"href":"https:\/\/zonaroja.com.mx\/index.php?rest_route=\/wp\/v2\/users\/2"}],"replies":[{"embeddable":true,"href":"https:\/\/zonaroja.com.mx\/index.php?rest_route=%2Fwp%2Fv2%2Fcomments&post=55423"}],"version-history":[{"count":1,"href":"https:\/\/zonaroja.com.mx\/index.php?rest_route=\/wp\/v2\/posts\/55423\/revisions"}],"predecessor-version":[{"id":55424,"href":"https:\/\/zonaroja.com.mx\/index.php?rest_route=\/wp\/v2\/posts\/55423\/revisions\/55424"}],"wp:featuredmedia":[{"embeddable":true,"href":"https:\/\/zonaroja.com.mx\/index.php?rest_route=\/wp\/v2\/media\/44861"}],"wp:attachment":[{"href":"https:\/\/zonaroja.com.mx\/index.php?rest_route=%2Fwp%2Fv2%2Fmedia&parent=55423"}],"wp:term":[{"taxonomy":"category","embeddable":true,"href":"https:\/\/zonaroja.com.mx\/index.php?rest_route=%2Fwp%2Fv2%2Fcategories&post=55423"},{"taxonomy":"post_tag","embeddable":true,"href":"https:\/\/zonaroja.com.mx\/index.php?rest_route=%2Fwp%2Fv2%2Ftags&post=55423"}],"curies":[{"name":"wp","href":"https:\/\/api.w.org\/{rel}","templated":true}]}}