{"id":55427,"date":"2023-05-19T15:10:02","date_gmt":"2023-05-19T20:10:02","guid":{"rendered":"http:\/\/www.zonaroja.com.mx\/?p=55427"},"modified":"2023-05-19T15:11:04","modified_gmt":"2023-05-19T20:11:04","slug":"con-protesta-padres-de-familia-detienen-obra-que-dif-oaxaca-trato-de-imponer","status":"publish","type":"post","link":"https:\/\/zonaroja.com.mx\/?p=55427","title":{"rendered":"Con protesta, padres de familia detienen obra que DIF Oaxaca trat\u00f3 de imponer"},"content":{"rendered":"\n<p>Yuridiana Sosa\/Zona Roja.<\/p>\n\n\n\n<p>Oaxaca de Ju\u00e1rez, Oax., a 19 de mayo de 2023.- Padres de familia del Centro Asistencial de Desarrollo Infantil (Cadi), n\u00famero 2, se manifestaron en rechazo a dos obras que el Sistema Estatal para el Desarrollo Integral de la Familia (DIF) trataba de imponer, pese a los riesgos que implicaba para los infantes. <\/p>\n\n\n\n<p>Los tutores de los menores de edad se\u00f1alaron que la presidenta honoraria del Sistema DIF Oaxaca, Irma Bola\u00f1os Quijano, y otros funcionarios de esta instituci\u00f3n, inform\u00f3 al Comit\u00e9 de Padres sobre dos proyectos que ejecutar\u00edan en las \u00e1reas recreativas y de convivencia del plantel, sin que ello represente una consulta de los padres y madres para su aprobaci\u00f3n.<\/p>\n\n\n\n<p>D\u00edas antes del anuncio, ocurrido el mi\u00e9rcoles pasado, el DIF comenz\u00f3 con el retiro de los juegos recreativos ubicados en el patio, donde planearon como prueba piloto la instalaci\u00f3n de un invernadero de fruta y verduras y una cocina comunitaria.<\/p>\n\n\n\n<p>La representante de los inconformes, Jessica Cruz L\u00f3pez, indic\u00f3 que el \u201chuerto\u201d ten\u00eda la intenci\u00f3n de funcionar como proveedor del CADI, el Centro de Atenci\u00f3n Infantil (CAI) y la Casa Hogar; sin embargo, ser\u00eda insuficiente debido a la demanda.<\/p>\n\n\n\n<p>Pero, adem\u00e1s, los padres de familia consideraron que la obra representaba una mala inversi\u00f3n al encontrarse en la categor\u00eda de pruebas piloto y estos podr\u00edan quedar en abandono de no funcionar, en tanto ya les hab\u00edan quitado el espacio de convivencia libre a sus hijos e hijas.<\/p>\n\n\n\n<p>Eso, a su vez, representa un peligro ante las emergencias, pues les eliminaron el \u00e1rea de reuni\u00f3n que ocupaban ante un sismo u otro siniestro, adem\u00e1s del peligro de los tanques de gas que ocupar\u00edan para la cocina.<\/p>\n\n\n\n<p>Tras la protesta, los paterfamilias lograron la firma de un acuerdo en el que el DIF se compromete a \u201cparar\u201d la obra y reconoci\u00f3 los riesgos de los tanques de gas en un espacio de convivencia infantil. <\/p>\n\n\n\n<p>Previo a ello, arribaron decenas de mototaxistas para respaldar la protesta de los padres de familia, en la instituci\u00f3n ubicada en la calle Guerrero de la colonia Alem\u00e1n, ciudad de Oaxaca. <\/p>\n\n\n\n<figure class=\"wp-block-embed\"><div class=\"wp-block-embed__wrapper\">\n<div class=\"twitter-tweet\"><blockquote class=\"twitter-tweet\" data-lang=\"es\"><p lang=\"es\" dir=\"ltr\">Estas son las inconformidades de trabajadores y padres de familia, por decisiones arbitrarias del <a href=\"https:\/\/twitter.com\/DIF_Oaxaca?ref_src=twsrc%5Etfw\">@DIF_Oaxaca<\/a>:<br>-Remodelaci\u00f3n del CADI. <br>-Alto al retiro del \u00e1rea de recreaci\u00f3n.<br>-Rechazo total a los proyectos. <br>-No a la cocina comunitaria en el \u00e1rea del CADI 2. <br>\u201cLa integridad de\u2026 <a href=\"https:\/\/t.co\/Rk1P4GlYXF\">pic.twitter.com\/Rk1P4GlYXF<\/a><\/p>&mdash; Zona Roja Oaxaca (@ZonaRoja_Oaxaca) <a href=\"https:\/\/twitter.com\/ZonaRoja_Oaxaca\/status\/1659605847293698048?ref_src=twsrc%5Etfw\">19 de mayo de 2023<\/a><\/blockquote><\/div>\n<\/div><\/figure>\n","protected":false},"excerpt":{"rendered":"<p>Yuridiana Sosa\/Zona Roja. Oaxaca de Ju\u00e1rez, Oax., a 19 de mayo de 2023.- Padres de&hellip;<\/p>\n","protected":false},"author":2,"featured_media":55426,"comment_status":"closed","ping_status":"open","sticky":false,"template":"","format":"standard","meta":{"_lmt_disableupdate":"","_lmt_disable":"","_jetpack_memberships_contains_paid_content":false,"footnotes":""},"categories":[109,47],"tags":[841],"class_list":["post-55427","post","type-post","status-publish","format-standard","has-post-thumbnail","hentry","category-minuto-a-minuto","category-zona-gris","tag-dif-oaxaca"],"jetpack_featured_media_url":"https:\/\/zonaroja.com.mx\/wp-content\/uploads\/2023\/05\/img_8427.jpg","jetpack_sharing_enabled":true,"_links":{"self":[{"href":"https:\/\/zonaroja.com.mx\/index.php?rest_route=\/wp\/v2\/posts\/55427","targetHints":{"allow":["GET"]}}],"collection":[{"href":"https:\/\/zonaroja.com.mx\/index.php?rest_route=\/wp\/v2\/posts"}],"about":[{"href":"https:\/\/zonaroja.com.mx\/index.php?rest_route=\/wp\/v2\/types\/post"}],"author":[{"embeddable":true,"href":"https:\/\/zonaroja.com.mx\/index.php?rest_route=\/wp\/v2\/users\/2"}],"replies":[{"embeddable":true,"href":"https:\/\/zonaroja.com.mx\/index.php?rest_route=%2Fwp%2Fv2%2Fcomments&post=55427"}],"version-history":[{"count":1,"href":"https:\/\/zonaroja.com.mx\/index.php?rest_route=\/wp\/v2\/posts\/55427\/revisions"}],"predecessor-version":[{"id":55428,"href":"https:\/\/zonaroja.com.mx\/index.php?rest_route=\/wp\/v2\/posts\/55427\/revisions\/55428"}],"wp:featuredmedia":[{"embeddable":true,"href":"https:\/\/zonaroja.com.mx\/index.php?rest_route=\/wp\/v2\/media\/55426"}],"wp:attachment":[{"href":"https:\/\/zonaroja.com.mx\/index.php?rest_route=%2Fwp%2Fv2%2Fmedia&parent=55427"}],"wp:term":[{"taxonomy":"category","embeddable":true,"href":"https:\/\/zonaroja.com.mx\/index.php?rest_route=%2Fwp%2Fv2%2Fcategories&post=55427"},{"taxonomy":"post_tag","embeddable":true,"href":"https:\/\/zonaroja.com.mx\/index.php?rest_route=%2Fwp%2Fv2%2Ftags&post=55427"}],"curies":[{"name":"wp","href":"https:\/\/api.w.org\/{rel}","templated":true}]}}