{"id":55433,"date":"2023-05-19T21:04:08","date_gmt":"2023-05-20T02:04:08","guid":{"rendered":"http:\/\/www.zonaroja.com.mx\/?p=55433"},"modified":"2023-05-19T21:04:11","modified_gmt":"2023-05-20T02:04:11","slug":"ante-desatencion-del-gobierno-de-jara-docentes-de-amoltepec-piden-apoyo-de-ddhpo","status":"publish","type":"post","link":"https:\/\/zonaroja.com.mx\/?p=55433","title":{"rendered":"Ante desatenci\u00f3n del gobierno de Jara, docentes de Amoltepec piden apoyo de DDHPO"},"content":{"rendered":"\n<p>Ismael Garc\u00eda M.\/Zona Roja.<\/p>\n\n\n\n<p>Oaxaca de Ju\u00e1rez, Oax., a 19 de mayo de 2023.- A m\u00e1s de un mes de haber abandonado su comunidad y a dos semanas de la \u00faltima mesa de trabajo con el gobierno de Salom\u00f3n Jara Cruz, los docentes asignados en Santiago Amoltepec pidieron el apoyo de la Defensor\u00eda de los Derechos Humanos del Pueblo de Oaxaca (DDHPO).<\/p>\n\n\n\n<p>Adem\u00e1s, el pr\u00f3ximo lunes interpondr\u00e1n un amparo ante la justicia federal, por omisiones del Gobierno del Estado en garantizar la seguridad p\u00fablica en dicho municipio, tras el asesinato de al menos cuatro profesores, en distintas fechas.<\/p>\n\n\n\n<p>Esta tarde, en la sede de la DDHPO, un grupo de docentes, encabezados por S\u00f3simo Hern\u00e1ndez, representante de la delegaci\u00f3n sindical DI-160, as\u00ed como el enviado del Comisariado de Bienes Comunales, Leonor Velasco Roque, ofrecieron una conferencia de prensa, en que adelantaron que realizar\u00e1n m\u00e1s protestas.<\/p>\n\n\n\n<p>\u201cSeguimos en espera de que el gobierno cumpla con lo que nos prometi\u00f3 en las mesas; queremos que nos garanticen la seguridad para regresar a Amoltepec; las peticiones se han hecho, los convenios se han firmado.<\/p>\n\n\n\n<figure class=\"wp-block-embed is-type-rich is-provider-twitter wp-block-embed-twitter\"><div class=\"wp-block-embed__wrapper\">\n<div class=\"twitter-tweet\"><blockquote class=\"twitter-tweet\" data-lang=\"es\"><p lang=\"es\" dir=\"ltr\">Ante la indolencia del <a href=\"https:\/\/twitter.com\/GobOax?ref_src=twsrc%5Etfw\">@goboax<\/a> <a href=\"https:\/\/twitter.com\/salomonj?ref_src=twsrc%5Etfw\">@salomonj<\/a> para brindar seguridad p\u00fablica, docentes de la Secci\u00f3n 22 del SNTE asignados en Santiago Amoltepec, pidieron hoy el acompa\u00f1amiento de la <a href=\"https:\/\/twitter.com\/DDHPO?ref_src=twsrc%5Etfw\">@DDHPO<\/a>.<br>Adem\u00e1s, el pr\u00f3ximo lunes acudir\u00e1n a un juzgado a interponer un amparo. <br>Y prev\u00e9n intensificar\u2026 <a href=\"https:\/\/t.co\/0zr7i9pLm5\">pic.twitter.com\/0zr7i9pLm5<\/a><\/p>&mdash; Zona Roja Oaxaca (@ZonaRoja_Oaxaca) <a href=\"https:\/\/twitter.com\/ZonaRoja_Oaxaca\/status\/1659697085560545280?ref_src=twsrc%5Etfw\">19 de mayo de 2023<\/a><\/blockquote><\/div>\n<\/div><\/figure>\n\n\n\n<p>\u201cA partir del pr\u00f3ximo lunes vamos a interponer un amparo ante un juez para que nos garantice la seguridad para cada uno de los profesores de los diferentes niveles educativos, as\u00ed como garantizar la educaci\u00f3n de los ni\u00f1os\u201d, dijo.<\/p>\n\n\n\n<p>El dirigente afiliado a la Secci\u00f3n 22 del Sindicato Nacional de Trabajadores de la Educaci\u00f3n expuso que s\u00f3lo ha habido promesas, en m\u00e1s de siete u ocho mesas de trabajo y no se ha cumplido con el compromiso.<\/p>\n\n\n\n<p>\u201cPedimos el apoyo de la Defensor\u00eda para que sean gestores en esta situaci\u00f3n, exigimos que el gobierno analice la situaci\u00f3n y lo antes posible nos den una respuesta, pues tenemos ni\u00f1os y escuelas abandonadas\u201d, precis\u00f3 el docente.<\/p>\n\n\n\n<p>\u201cSon puras promesas; dijo que de inmediato mandar\u00eda la Guardia Nacional, tenemos minutas firmadas pero ya llevamos d\u00edas, estamos a la espera y no nos han resuelto\u201d, reclam\u00f3 S\u00f3simo Hern\u00e1ndez.<\/p>\n\n\n\n<p>Desde el 17 de abril pasado salieron de Santiago Amoltepec alrededor de 250 docentes que atienden unos 70 planteles del nivel b\u00e1sico y en consecuencia se han quedado sin clases alrededor de cuatro mil 500 alumnos.<\/p>\n","protected":false},"excerpt":{"rendered":"<p>Ismael Garc\u00eda M.\/Zona Roja. Oaxaca de Ju\u00e1rez, Oax., a 19 de mayo de 2023.- A&hellip;<\/p>\n","protected":false},"author":2,"featured_media":55434,"comment_status":"closed","ping_status":"open","sticky":false,"template":"","format":"standard","meta":{"_lmt_disableupdate":"","_lmt_disable":"","_jetpack_memberships_contains_paid_content":false,"footnotes":""},"categories":[109,47],"tags":[860,312],"class_list":["post-55433","post","type-post","status-publish","format-standard","has-post-thumbnail","hentry","category-minuto-a-minuto","category-zona-gris","tag-santiago-amoltepec","tag-seccion-22-del-snte"],"jetpack_featured_media_url":"https:\/\/zonaroja.com.mx\/wp-content\/uploads\/2023\/05\/Conferencia-de-prensa-maestros-amoltepec.jpg","jetpack_sharing_enabled":true,"_links":{"self":[{"href":"https:\/\/zonaroja.com.mx\/index.php?rest_route=\/wp\/v2\/posts\/55433","targetHints":{"allow":["GET"]}}],"collection":[{"href":"https:\/\/zonaroja.com.mx\/index.php?rest_route=\/wp\/v2\/posts"}],"about":[{"href":"https:\/\/zonaroja.com.mx\/index.php?rest_route=\/wp\/v2\/types\/post"}],"author":[{"embeddable":true,"href":"https:\/\/zonaroja.com.mx\/index.php?rest_route=\/wp\/v2\/users\/2"}],"replies":[{"embeddable":true,"href":"https:\/\/zonaroja.com.mx\/index.php?rest_route=%2Fwp%2Fv2%2Fcomments&post=55433"}],"version-history":[{"count":1,"href":"https:\/\/zonaroja.com.mx\/index.php?rest_route=\/wp\/v2\/posts\/55433\/revisions"}],"predecessor-version":[{"id":55435,"href":"https:\/\/zonaroja.com.mx\/index.php?rest_route=\/wp\/v2\/posts\/55433\/revisions\/55435"}],"wp:featuredmedia":[{"embeddable":true,"href":"https:\/\/zonaroja.com.mx\/index.php?rest_route=\/wp\/v2\/media\/55434"}],"wp:attachment":[{"href":"https:\/\/zonaroja.com.mx\/index.php?rest_route=%2Fwp%2Fv2%2Fmedia&parent=55433"}],"wp:term":[{"taxonomy":"category","embeddable":true,"href":"https:\/\/zonaroja.com.mx\/index.php?rest_route=%2Fwp%2Fv2%2Fcategories&post=55433"},{"taxonomy":"post_tag","embeddable":true,"href":"https:\/\/zonaroja.com.mx\/index.php?rest_route=%2Fwp%2Fv2%2Ftags&post=55433"}],"curies":[{"name":"wp","href":"https:\/\/api.w.org\/{rel}","templated":true}]}}