{"id":55436,"date":"2023-05-19T21:43:06","date_gmt":"2023-05-20T02:43:06","guid":{"rendered":"http:\/\/www.zonaroja.com.mx\/?p=55436"},"modified":"2023-05-19T21:43:10","modified_gmt":"2023-05-20T02:43:10","slug":"celebran-organismos-internacionales-disculpas-publicas-a-damian-gallardo-por-actos-de-tortura","status":"publish","type":"post","link":"https:\/\/zonaroja.com.mx\/?p=55436","title":{"rendered":"Celebran organismos internacionales disculpas p\u00fablicas a Dami\u00e1n Gallardo, por actos de tortura"},"content":{"rendered":"\n<p>Yuridiana Sosa\/Zona Roja.<\/p>\n\n\n\n<p>Oaxaca de Ju\u00e1rez, Oax., a 19 de mayo de 2023.- Las disculpas p\u00fablicas para el defensor ind\u00edgena oaxaque\u00f1o, Dami\u00e1n Gallardo Mart\u00ednez, por parte del Estado mexicano, fueron celebradas por organismos internacionales de derechos humanos como un paso y precedente para otras v\u00edctimas de tortura y detenciones arbitrarias que buscan justicia.<\/p>\n\n\n\n<p>Tras el acto de \u201cReconocimiento de la Responsabilidad Internacional del Estado Mexicano y Disculpa P\u00fablica al Defensor Dami\u00e1n Gallardo Mart\u00ednez\u201d, celebrado en la capital oaxaque\u00f1a este 18 de mayo, la actual Relatora de la ONU sobre la situaci\u00f3n de las personas defensora de derechos humanos, de la Misi\u00f3n de M\u00e9xico ante los Organismos Internacionales en Ginebra, Mary Lawlor, emiti\u00f3 un pronunciamiento.<\/p>\n\n\n\n<p>\u201cAyer el Estado mexicano reconoci\u00f3 formalmente su responsabilidad por las graves violaciones de derechos humanos infringidas al defensor ind\u00edgena Dami\u00e1n Gallardo Mart\u00ednez\u201d, indic\u00f3 al recordar que en 2021, el Comit\u00e9 Contra la Tortura declar\u00f3 la responsabilidad del Estado por las relaciones que sufri\u00f3 el defensor y le inst\u00f3 a llevar a cabo una serie de medidas para garantizar la rendici\u00f3n de cuentas y la reparaci\u00f3n.<\/p>\n\n\n\n<p>\u201cAplaudo la disculpa del Estado como un paso importante hacia la justicia para Dami\u00e1n y su familia, y como un paso positivo para todas las personas defensoras de derechos humanos del pa\u00eds que han sufrido represalias y buscan justicia\u201d.<\/p>\n\n\n\n<figure class=\"wp-block-embed is-type-rich is-provider-twitter wp-block-embed-twitter\"><div class=\"wp-block-embed__wrapper\">\n<div class=\"twitter-tweet\"><blockquote class=\"twitter-tweet\" data-lang=\"es\"><p lang=\"es\" dir=\"ltr\">Pronunciamiento sobre\u00a0el acto de disculpa p\u00fablica a Dami\u00e1n Gallardo, defensor de <a href=\"https:\/\/twitter.com\/hashtag\/DDH?src=hash&amp;ref_src=twsrc%5Etfw\">#DDH<\/a> torturado y detenido arbitrariamente durante m\u00e1s de cinco a\u00f1os en <a href=\"https:\/\/twitter.com\/hashtag\/M%C3%A9xico?src=hash&amp;ref_src=twsrc%5Etfw\">#M\u00e9xico<\/a>.<a href=\"https:\/\/twitter.com\/MisionMexOI?ref_src=twsrc%5Etfw\">@MisionMexOI<\/a> <a href=\"https:\/\/t.co\/F7dSCQkBW0\">https:\/\/t.co\/F7dSCQkBW0<\/a><\/p>&mdash; Mary Lawlor UN Special Rapporteur HRDs (@MaryLawlorhrds) <a href=\"https:\/\/twitter.com\/MaryLawlorhrds\/status\/1659543015600402441?ref_src=twsrc%5Etfw\">19 de mayo de 2023<\/a><\/blockquote><\/div>\n<\/div><\/figure>\n\n\n\n<p>CASO DAMI\u00c1N UN RETO<\/p>\n\n\n\n<p>El caso de Dami\u00e1n Gallardo, detenido injustamente y torturado, refleja los retos estructurales a los que se enfrenta el Estado mexicano para combatir la tortura, asever\u00f3 el Oficial de Derechos Humanos de la Oficina en M\u00e9xico del Alto Comisionado de la ONU, Alan Garc\u00eda Campos.<\/p>\n\n\n\n<p>Durante su participaci\u00f3n en el acto de disculpas p\u00fablicas a Gallardo Mart\u00ednez, el Alto Comisionado reconoci\u00f3 la resistencia del defensor y profesor Ayuujk para llegar hasta este momento tras cinco a\u00f1os consecutivos de lesiones a sus derechos desde la c\u00e1rcel, y despu\u00e9s, desde su libertad.<\/p>\n\n\n\n<p>El representante de la ONU apunt\u00f3 que resulta fundamental combatir las causas que emiti\u00f3 el Comit\u00e9 de Tortura para evitar que se repitan los actos que Dami\u00e1n y su familia vivieron desde el 18 de mayo de 2013 hasta este 18 de mayo de 2023.<\/p>\n\n\n\n<p>Desde el Ato Comisionado, el acto de ayer es de un significado profundo que implica reconocer, reivindicar, redignificar, honrrar y desagraviar a Dami\u00e1n, su familia y comunidad<\/p>\n\n\n\n<p>\u201cDesde la Oficina del Alto Comisionado promovemos acciones como estas, en a que se ofrece una disculpa p\u00fablica, en las que se reconocen los hechos, se aceptan las violaciones perpetradas, se asume la responsabilidad del Estado, se re dignifican a las v\u00edctimas, y se materializa una forma de reparaci\u00f3n inmaterial o simb\u00f3lica\u201d, expres\u00f3.<\/p>\n\n\n\n<figure class=\"wp-block-embed is-type-rich is-provider-twitter wp-block-embed-twitter\"><div class=\"wp-block-embed__wrapper\">\n<div class=\"twitter-tweet\"><blockquote class=\"twitter-tweet\" data-lang=\"es\"><p lang=\"es\" dir=\"ltr\">3. Consulta la decisi\u00f3n del Comit\u00e9 de la ONU contra la <a href=\"https:\/\/twitter.com\/hashtag\/Tortura?src=hash&amp;ref_src=twsrc%5Etfw\">#Tortura<\/a> sobre este caso \u27a1\ufe0f <a href=\"https:\/\/t.co\/WF8d1IXhSl\">https:\/\/t.co\/WF8d1IXhSl<\/a><\/p>&mdash; ONU-DH M\u00e9xico (@ONUDHmexico) <a href=\"https:\/\/twitter.com\/ONUDHmexico\/status\/1659282439632572417?ref_src=twsrc%5Etfw\">18 de mayo de 2023<\/a><\/blockquote><\/div>\n<\/div><\/figure>\n\n\n\n<p>Dicho acto, agreg\u00f3, es de justicia, para cumplir con uno de los puntos resolutivo del Comit\u00e9 de las Naciones Unidas contra la Tortura (CAT) como una medida especial de satisfacci\u00f3n.<\/p>\n\n\n\n<p>Recalc\u00f3 que el dictamen final de dicho Comit\u00e9, se acredit\u00f3 la comisi\u00f3n de la tortura, la violaci\u00f3n a varios derechos, como el incumplimiento de la obligaci\u00f3n de prevenirla, la falta de mecanismos de protecci\u00f3n de las normas para evitarla, ausencia de una investigaci\u00f3n pronta e imparcial y la falta de una reparaci\u00f3n integral.<\/p>\n\n\n\n<p>Garc\u00eda Campos a\u00f1adi\u00f3 que las disculpas deben formar parte de una pol\u00edtica de estado, sostenida y reafirmada a lo largo del tiempo, por tanto, anim\u00f3 a las autoridades nacionales, principalmente a las del \u00e1mbito de seguridad y procuraci\u00f3n de justicia, a que redoblen esfuerzos para combatir la tortura, sus causas y consecuencias.<\/p>\n\n\n\n<p>\u201cDeseo que con la presente ceremonia de disculpas p\u00fablicas se reanime el digno caminar de Dami\u00e1n, su familia, su pueblo y comunidad\u201d, expres\u00f3 el representante de la ONU en M\u00e9xico tras reconocer el acompa\u00f1amiento de organizaciones civiles como Consorcio Oaxaca, que representaron un papel fundamental en el caso de Dami\u00e1n Gallardo.<\/p>\n","protected":false},"excerpt":{"rendered":"<p>Yuridiana Sosa\/Zona Roja. Oaxaca de Ju\u00e1rez, Oax., a 19 de mayo de 2023.- Las disculpas&hellip;<\/p>\n","protected":false},"author":2,"featured_media":55437,"comment_status":"closed","ping_status":"open","sticky":false,"template":"","format":"standard","meta":{"_lmt_disableupdate":"","_lmt_disable":"","_jetpack_memberships_contains_paid_content":false,"footnotes":""},"categories":[109,46],"tags":[2990],"class_list":["post-55436","post","type-post","status-publish","format-standard","has-post-thumbnail","hentry","category-minuto-a-minuto","category-zona-blanca","tag-damian-gallardo-martinez"],"jetpack_featured_media_url":"https:\/\/zonaroja.com.mx\/wp-content\/uploads\/2023\/05\/ONU-Derechos-Humanos-Mexico.jpeg","jetpack_sharing_enabled":true,"_links":{"self":[{"href":"https:\/\/zonaroja.com.mx\/index.php?rest_route=\/wp\/v2\/posts\/55436","targetHints":{"allow":["GET"]}}],"collection":[{"href":"https:\/\/zonaroja.com.mx\/index.php?rest_route=\/wp\/v2\/posts"}],"about":[{"href":"https:\/\/zonaroja.com.mx\/index.php?rest_route=\/wp\/v2\/types\/post"}],"author":[{"embeddable":true,"href":"https:\/\/zonaroja.com.mx\/index.php?rest_route=\/wp\/v2\/users\/2"}],"replies":[{"embeddable":true,"href":"https:\/\/zonaroja.com.mx\/index.php?rest_route=%2Fwp%2Fv2%2Fcomments&post=55436"}],"version-history":[{"count":1,"href":"https:\/\/zonaroja.com.mx\/index.php?rest_route=\/wp\/v2\/posts\/55436\/revisions"}],"predecessor-version":[{"id":55438,"href":"https:\/\/zonaroja.com.mx\/index.php?rest_route=\/wp\/v2\/posts\/55436\/revisions\/55438"}],"wp:featuredmedia":[{"embeddable":true,"href":"https:\/\/zonaroja.com.mx\/index.php?rest_route=\/wp\/v2\/media\/55437"}],"wp:attachment":[{"href":"https:\/\/zonaroja.com.mx\/index.php?rest_route=%2Fwp%2Fv2%2Fmedia&parent=55436"}],"wp:term":[{"taxonomy":"category","embeddable":true,"href":"https:\/\/zonaroja.com.mx\/index.php?rest_route=%2Fwp%2Fv2%2Fcategories&post=55436"},{"taxonomy":"post_tag","embeddable":true,"href":"https:\/\/zonaroja.com.mx\/index.php?rest_route=%2Fwp%2Fv2%2Ftags&post=55436"}],"curies":[{"name":"wp","href":"https:\/\/api.w.org\/{rel}","templated":true}]}}