{"id":55456,"date":"2023-05-20T12:00:00","date_gmt":"2023-05-20T17:00:00","guid":{"rendered":"http:\/\/www.zonaroja.com.mx\/?p=55456"},"modified":"2023-05-20T08:59:08","modified_gmt":"2023-05-20T13:59:08","slug":"funcionarios-del-gobierno-de-salomon-jara-entre-escandalos","status":"publish","type":"post","link":"https:\/\/zonaroja.com.mx\/?p=55456","title":{"rendered":"Funcionarios del gobierno de Salom\u00f3n Jara, entre \u201cesc\u00e1ndalos\u201d"},"content":{"rendered":"\n<p>Yuridiana Sosa\/Zona Roja. Foto: Virgilio Luis. <\/p>\n\n\n\n<p>Oaxaca de Ju\u00e1rez, Oax., a 20 de mayo de 2023.- Desde el inicio hasta la fecha, la administraci\u00f3n de Salom\u00f3n Jara Cruz, se ha visto envuelta en diversos esc\u00e1ndalos protagonizados por sus funcionarios ante malas conductas p\u00fablicas o exhibidas, relacionadas con su estado de ebriedad.<\/p>\n\n\n\n<p>Son al menos cuatro hechos que se han difundido sobre las acciones de los servidores p\u00fablicos de las diversas \u00e1reas, dos de ellas relacionadas con el sector educativo, uno de gobernabilidad y otro en materia de seguridad.<\/p>\n\n\n\n<p>El m\u00e1s reciente hecho se registr\u00f3 el pasado 17 de mayo, cuando el director del Instituto de Estudios de Bachillerato de Oaxaca (IEBO), del plantel Santiago Tamazola, Octavio \u201cN\u201d, fue detenido por conducir en estado de ebriedad y portar un arma de fuego de la cual no mostr\u00f3 permiso.<\/p>\n\n\n\n<p>De acuerdo al reporte policial, el funcionario fue interceptado por la Polic\u00eda Municipal de Huajuapan de Le\u00f3n al notar el desplazamiento irregular de una camioneta marca Chevrolet, con placas de circulaci\u00f3n MRM-5746, del Estado de M\u00e9xico, sobre la carretera que une a ese municipio con Mariscala de Ju\u00e1rez.<\/p>\n\n\n\n<p>Octavio \u201cN\u201d fue puesto a disposici\u00f3n de las autoridades ministeriales correspondientes, en tanto que la instituci\u00f3n educativa no emiti\u00f3 ning\u00fan comunicado sobre el evento.<\/p>\n\n\n\n<p>CASO DONATO<\/p>\n\n\n\n<p>En marzo, el Coordinador de Atenci\u00f3n Regional y Delegados de Paz de la Secretar\u00eda de Gobierno de Oaxaca,&nbsp;Donato&nbsp;Vargas&nbsp;Jim\u00e9nez, fue exhibido en redes sociales en completo estado de ebriedad durante un convivio, supuestamente en horario laboral.<\/p>\n\n\n\n<p>La actitud del funcionario fue defendida por el gobernador Jara Cruz, quien refiri\u00f3 un buen desempe\u00f1o dentro de la administraci\u00f3n, lo que ha pesado m\u00e1s sobre las denuncias penales y p\u00fablicas en su contra por violentar a las mujeres de forma f\u00edsica, psicol\u00f3gica y digital.<\/p>\n\n\n\n<p>Adem\u00e1s, el mandatario estatal lo mantiene en el cargo, pese a que hay denuncias formales en contra del funcionario, ante la Fiscal\u00eda General del Estado.<\/p>\n\n\n\n<p>\u00daNICO EFECTO<\/p>\n\n\n\n<p>El \u201cborrachazo\u201d que ha tenido consecuencias con la destituci\u00f3n del funcionario, fue el protagonizado por Gabriel Bol\u00e1n Chi\u00f1as, quien fung\u00eda como director del Consejo Oaxaque\u00f1o de Ciencia, Tecnolog\u00eda e Innovaci\u00f3n (Cocitei).<\/p>\n\n\n\n<p>En febrero pasado el servidor p\u00fablico provoc\u00f3 un aparatoso accidente vehicular por conducir a exceso de velocidad y en estado de ebriedad sobre la avenida Universidad, en la capital del estado.<\/p>\n\n\n\n<p>El auto que conduc\u00eda volc\u00f3 al carril contrario, donde se impact\u00f3 con otra unidad de forma directa y da\u00f1os a otros que se encontraban estacionados.&nbsp;<\/p>\n\n\n\n<p>Ante el percance, el Bol\u00e1n Chi\u00f1as trat\u00f3 de deslindarse de su responsabilidad justificando que era funcionario del gobierno del estado, sin embargo, fue detenido por un grupo de ciudadanos para evitar su huida, hasta le llegada de los elementos policiales.<\/p>\n\n\n\n<p>En aquella ocasi\u00f3n, Jara Cruz se\u00f1al\u00f3 que ese tipo de actos no se encubrir\u00edan, pues nadie est\u00e1 por encima de la ley, por lo que se procedi\u00f3 a la destituci\u00f3n.<\/p>\n\n\n\n<p>EN SSP&nbsp;<\/p>\n\n\n\n<p>El primer caso difundido de manera p\u00fablica, ocurri\u00f3 a unos d\u00edas del inicio de la administraci\u00f3n, en el mes de diciembre, en&nbsp; el que particip\u00f3 un jefe de la Secretar\u00eda de Seguridad Publica y Protecci\u00f3n Ciudadana.&nbsp;<\/p>\n\n\n\n<p>Elementos de la polic\u00eda municipal de la capital detuvieron en estado de ebriedad al comandante del Grupo Especial de la Marina, dependiente de la Polic\u00eda Estatal, Ra\u00fal L\u00f3pez Maldonado.&nbsp;<\/p>\n\n\n\n<p>El jefe policial, que vest\u00eda de civil, fue detenido durante un operativo de alcohol\u00edmetro, en el que tambi\u00e9n se le encontr\u00f3 que portaba un arma 9 mm, matr\u00edcula 58J03990.<\/p>\n\n\n\n<p>Parte de su detenci\u00f3n fue grabada y exhibida en redes sociales, donde se muestra el estado de ebriedad el mando policial.&nbsp;<\/p>\n","protected":false},"excerpt":{"rendered":"<p>Yuridiana Sosa\/Zona Roja. Foto: Virgilio Luis. Oaxaca de Ju\u00e1rez, Oax., a 20 de mayo de&hellip;<\/p>\n","protected":false},"author":2,"featured_media":54066,"comment_status":"closed","ping_status":"open","sticky":false,"template":"","format":"standard","meta":{"_lmt_disableupdate":"","_lmt_disable":"","_jetpack_memberships_contains_paid_content":false,"footnotes":""},"categories":[109,47],"tags":[939],"class_list":["post-55456","post","type-post","status-publish","format-standard","has-post-thumbnail","hentry","category-minuto-a-minuto","category-zona-gris","tag-salomon-jara-cruz"],"jetpack_featured_media_url":"https:\/\/zonaroja.com.mx\/wp-content\/uploads\/2023\/04\/Salomon-Jara-Cruz.Foto-Virgilio-Luisjpeg.jpeg","jetpack_sharing_enabled":true,"_links":{"self":[{"href":"https:\/\/zonaroja.com.mx\/index.php?rest_route=\/wp\/v2\/posts\/55456","targetHints":{"allow":["GET"]}}],"collection":[{"href":"https:\/\/zonaroja.com.mx\/index.php?rest_route=\/wp\/v2\/posts"}],"about":[{"href":"https:\/\/zonaroja.com.mx\/index.php?rest_route=\/wp\/v2\/types\/post"}],"author":[{"embeddable":true,"href":"https:\/\/zonaroja.com.mx\/index.php?rest_route=\/wp\/v2\/users\/2"}],"replies":[{"embeddable":true,"href":"https:\/\/zonaroja.com.mx\/index.php?rest_route=%2Fwp%2Fv2%2Fcomments&post=55456"}],"version-history":[{"count":2,"href":"https:\/\/zonaroja.com.mx\/index.php?rest_route=\/wp\/v2\/posts\/55456\/revisions"}],"predecessor-version":[{"id":55459,"href":"https:\/\/zonaroja.com.mx\/index.php?rest_route=\/wp\/v2\/posts\/55456\/revisions\/55459"}],"wp:featuredmedia":[{"embeddable":true,"href":"https:\/\/zonaroja.com.mx\/index.php?rest_route=\/wp\/v2\/media\/54066"}],"wp:attachment":[{"href":"https:\/\/zonaroja.com.mx\/index.php?rest_route=%2Fwp%2Fv2%2Fmedia&parent=55456"}],"wp:term":[{"taxonomy":"category","embeddable":true,"href":"https:\/\/zonaroja.com.mx\/index.php?rest_route=%2Fwp%2Fv2%2Fcategories&post=55456"},{"taxonomy":"post_tag","embeddable":true,"href":"https:\/\/zonaroja.com.mx\/index.php?rest_route=%2Fwp%2Fv2%2Ftags&post=55456"}],"curies":[{"name":"wp","href":"https:\/\/api.w.org\/{rel}","templated":true}]}}