{"id":55466,"date":"2023-05-20T20:34:33","date_gmt":"2023-05-21T01:34:33","guid":{"rendered":"http:\/\/www.zonaroja.com.mx\/?p=55466"},"modified":"2023-05-20T20:34:37","modified_gmt":"2023-05-21T01:34:37","slug":"otra-jornada-violenta-en-oaxaca-dos-asesinados-y-empresario-baleado","status":"publish","type":"post","link":"https:\/\/zonaroja.com.mx\/?p=55466","title":{"rendered":"Otra jornada violenta en Oaxaca: dos asesinados y empresario baleado"},"content":{"rendered":"\n<p>Ismael Garc\u00eda M.\/Zona Roja.<\/p>\n\n\n\n<p>Oaxaca de Ju\u00e1rez, Oax., a 20 de mayo de 2023.- Dos personas asesinadas y un empresario a agredido a balazos, es el saldo violento registrado en las \u00faltimas horas en Oaxaca.<\/p>\n\n\n\n<p>En Candelaria Loxicha, municipio de la regi\u00f3n Costa del estado, dos j\u00f3venes fueron ejecutados anoche, en un local comercial cerca del mercado municipal.<\/p>\n\n\n\n<p>De manera preliminar se inform\u00f3 que se trata de Juan Pablo N. y Alan P. M., originarios y vecinos de dicha localidad.<\/p>\n\n\n\n<p>Presuntamente dos sujetos a bordo de una motocicleta fueron quienes los acribillaron, tras lo cual huyeron de la zona; hasta el momento las autoridades no han informado si hay personas detenidas por este caso.<\/p>\n\n\n\n<p>Mientras que cerca del mediod\u00eda, un comando atac\u00f3 al ocupante de una camioneta que circulaba en la carretera Trans\u00edstmica, en jurisdicci\u00f3n del municipio de Mat\u00edas Romero.<\/p>\n\n\n\n<p>La v\u00edctima fue trasladada grave de salud a un hospital de la zona y fue identificada como Carmelo T., socio de la Cooperativa Cruz Azul Lagunas, en el municipio de El Barrio La Soledad, seg\u00fan se inform\u00f3.<\/p>\n","protected":false},"excerpt":{"rendered":"<p>Ismael Garc\u00eda M.\/Zona Roja. Oaxaca de Ju\u00e1rez, Oax., a 20 de mayo de 2023.- Dos&hellip;<\/p>\n","protected":false},"author":2,"featured_media":54458,"comment_status":"closed","ping_status":"open","sticky":false,"template":"","format":"standard","meta":{"_lmt_disableupdate":"","_lmt_disable":"","_jetpack_memberships_contains_paid_content":false,"footnotes":""},"categories":[109,51],"tags":[1275],"class_list":["post-55466","post","type-post","status-publish","format-standard","has-post-thumbnail","hentry","category-minuto-a-minuto","category-zona-roja","tag-candelaria-loxicha"],"jetpack_featured_media_url":"https:\/\/zonaroja.com.mx\/wp-content\/uploads\/2023\/04\/Escena-del-crimen-violencia-asesinato-homicidio.jpeg","jetpack_sharing_enabled":true,"_links":{"self":[{"href":"https:\/\/zonaroja.com.mx\/index.php?rest_route=\/wp\/v2\/posts\/55466","targetHints":{"allow":["GET"]}}],"collection":[{"href":"https:\/\/zonaroja.com.mx\/index.php?rest_route=\/wp\/v2\/posts"}],"about":[{"href":"https:\/\/zonaroja.com.mx\/index.php?rest_route=\/wp\/v2\/types\/post"}],"author":[{"embeddable":true,"href":"https:\/\/zonaroja.com.mx\/index.php?rest_route=\/wp\/v2\/users\/2"}],"replies":[{"embeddable":true,"href":"https:\/\/zonaroja.com.mx\/index.php?rest_route=%2Fwp%2Fv2%2Fcomments&post=55466"}],"version-history":[{"count":1,"href":"https:\/\/zonaroja.com.mx\/index.php?rest_route=\/wp\/v2\/posts\/55466\/revisions"}],"predecessor-version":[{"id":55467,"href":"https:\/\/zonaroja.com.mx\/index.php?rest_route=\/wp\/v2\/posts\/55466\/revisions\/55467"}],"wp:featuredmedia":[{"embeddable":true,"href":"https:\/\/zonaroja.com.mx\/index.php?rest_route=\/wp\/v2\/media\/54458"}],"wp:attachment":[{"href":"https:\/\/zonaroja.com.mx\/index.php?rest_route=%2Fwp%2Fv2%2Fmedia&parent=55466"}],"wp:term":[{"taxonomy":"category","embeddable":true,"href":"https:\/\/zonaroja.com.mx\/index.php?rest_route=%2Fwp%2Fv2%2Fcategories&post=55466"},{"taxonomy":"post_tag","embeddable":true,"href":"https:\/\/zonaroja.com.mx\/index.php?rest_route=%2Fwp%2Fv2%2Ftags&post=55466"}],"curies":[{"name":"wp","href":"https:\/\/api.w.org\/{rel}","templated":true}]}}