{"id":55483,"date":"2023-05-21T11:00:00","date_gmt":"2023-05-21T16:00:00","guid":{"rendered":"http:\/\/www.zonaroja.com.mx\/?p=55483"},"modified":"2023-05-21T08:14:13","modified_gmt":"2023-05-21T13:14:13","slug":"secuestra-a-primo-de-gobernador-de-zacatecas-y-del-senador-monreal","status":"publish","type":"post","link":"https:\/\/zonaroja.com.mx\/?p=55483","title":{"rendered":"Secuestra a primo de gobernador de Zacatecas y del senador Monreal"},"content":{"rendered":"\n<p>Redacci\u00f3n\/Zona Roja Cdmx.<\/p>\n\n\n\n<p>Ciudad de M\u00e9xico, a 21 de mayo de 2023.- Un fuerte operativo militar, de la Guardia Nacional, de la Comisi\u00f3n Nacional Antisecuestros y diferentes corporaciones policiacas se despleg\u00f3 desde la tarde de este s\u00e1bado luego del reporte de la privaci\u00f3n ilegal de la libertad de tres hombres ocurrido en la comunidad de Plateros de Fresnillo de Gonz\u00e1lez Echeverr\u00eda, en Zacatecas.<\/p>\n\n\n\n<p>Habitantes de Plateros reportaron a las autoridades la presencia de civiles fuertemente armados quienes por la fuerza y a punta de pistola subieron&nbsp;a un veh\u00edculo a tres personas, entre ellas a un hombre identificado como Pedro \u00c1vila Rodr\u00edguez, primo del gobernador David Monreal y del senador Ricardo Monreal \u00c1vila; el tambi\u00e9n funcionario municipal estaba acompa\u00f1ado de otras dos personas de las que se desconoce su identidad al momento de la agresi\u00f3n.<\/p>\n\n\n\n<p>Rodrigo Reyes Murg\u00fceza, secretario General de Gobierno de la entidad, confirm\u00f3 a trav\u00e9s de sus redes sociales este hecho de violencia: \u201cComo resultado de una denuncia inmediata al 911, fuerzas de seguridad de los tres niveles de gobierno mantienen un operativo de b\u00fasqueda de tres masculinos que, aproximadamente a las 13:00 horas del d\u00eda de hoy, fueron privados de su libertad en el municipio de Fresnillo, uno de ellos identificado como Pedro \u00c1vila Rodr\u00edguez.\u201d, indic\u00f3 el funcionario estatal.<\/p>\n\n\n\n<p>Cuando las autoridades tomaron conocimiento de esta agresi\u00f3n, iniciaron un patrullaje en las inmediaciones y detectaron que el grupo delictivo tom\u00f3 la carretera federal 45 y sobre esta v\u00eda federal los agresores arrojaron objetos met\u00e1licos puntiagudos conocidos como \u201cponchallantas\u201d, por lo que se retras\u00f3 la posibilidad de darles alcance y el comando delictivo huy\u00f3.<\/p>\n\n\n\n<p>Durante varios minutos la circulaci\u00f3n que conduce hacia Durango qued\u00f3 detenida en ambos sentidos, hasta que las autoridades retiraron las estrellas poncha llantas y la circulaci\u00f3n fue regularizada.<\/p>\n\n\n\n<p>A pesar del intenso patrullaje en las comunidades de Fresnillo, incluidos sobrevuelos, hasta el momento las autoridades no han informado sobre la ubicaci\u00f3n o detenci\u00f3n de alguna persona relacionada con la privaci\u00f3n ilegal de la libertad de los tres hombres, tampoco se sabe si el comando delictivo ha solicitado alg\u00fan rescate por las v\u00edctimas.<\/p>\n\n\n\n<p>Hasta el momento, el gobernador David Monreal \u00c1vila, el senador Ricardo Monreal \u00c1vila o el presidente municipal de Fresnillo, Sa\u00fal Monreal \u00c1vila, se han pronunciado al respecto.<\/p>\n\n\n\n<p>(Informaci\u00f3n de \u201cEl Heraldo de M\u00e9xico\u201d)<\/p>\n","protected":false},"excerpt":{"rendered":"<p>Redacci\u00f3n\/Zona Roja Cdmx. Ciudad de M\u00e9xico, a 21 de mayo de 2023.- Un fuerte operativo&hellip;<\/p>\n","protected":false},"author":2,"featured_media":55484,"comment_status":"closed","ping_status":"open","sticky":false,"template":"","format":"standard","meta":{"_lmt_disableupdate":"","_lmt_disable":"","_jetpack_memberships_contains_paid_content":false,"footnotes":""},"categories":[109,47],"tags":[2493,3553],"class_list":["post-55483","post","type-post","status-publish","format-standard","has-post-thumbnail","hentry","category-minuto-a-minuto","category-zona-gris","tag-fresnillo-zacatecas","tag-pedro-avila-rodriguez"],"jetpack_featured_media_url":"https:\/\/zonaroja.com.mx\/wp-content\/uploads\/2023\/05\/Secuestro-Zacatecas-policias.jpeg","jetpack_sharing_enabled":true,"_links":{"self":[{"href":"https:\/\/zonaroja.com.mx\/index.php?rest_route=\/wp\/v2\/posts\/55483","targetHints":{"allow":["GET"]}}],"collection":[{"href":"https:\/\/zonaroja.com.mx\/index.php?rest_route=\/wp\/v2\/posts"}],"about":[{"href":"https:\/\/zonaroja.com.mx\/index.php?rest_route=\/wp\/v2\/types\/post"}],"author":[{"embeddable":true,"href":"https:\/\/zonaroja.com.mx\/index.php?rest_route=\/wp\/v2\/users\/2"}],"replies":[{"embeddable":true,"href":"https:\/\/zonaroja.com.mx\/index.php?rest_route=%2Fwp%2Fv2%2Fcomments&post=55483"}],"version-history":[{"count":1,"href":"https:\/\/zonaroja.com.mx\/index.php?rest_route=\/wp\/v2\/posts\/55483\/revisions"}],"predecessor-version":[{"id":55486,"href":"https:\/\/zonaroja.com.mx\/index.php?rest_route=\/wp\/v2\/posts\/55483\/revisions\/55486"}],"wp:featuredmedia":[{"embeddable":true,"href":"https:\/\/zonaroja.com.mx\/index.php?rest_route=\/wp\/v2\/media\/55484"}],"wp:attachment":[{"href":"https:\/\/zonaroja.com.mx\/index.php?rest_route=%2Fwp%2Fv2%2Fmedia&parent=55483"}],"wp:term":[{"taxonomy":"category","embeddable":true,"href":"https:\/\/zonaroja.com.mx\/index.php?rest_route=%2Fwp%2Fv2%2Fcategories&post=55483"},{"taxonomy":"post_tag","embeddable":true,"href":"https:\/\/zonaroja.com.mx\/index.php?rest_route=%2Fwp%2Fv2%2Ftags&post=55483"}],"curies":[{"name":"wp","href":"https:\/\/api.w.org\/{rel}","templated":true}]}}