{"id":55487,"date":"2023-05-21T08:20:09","date_gmt":"2023-05-21T13:20:09","guid":{"rendered":"http:\/\/www.zonaroja.com.mx\/?p=55487"},"modified":"2023-05-21T08:20:12","modified_gmt":"2023-05-21T13:20:12","slug":"simpatizantes-de-morena-agreden-a-periodistas-en-la-cdmx","status":"publish","type":"post","link":"https:\/\/zonaroja.com.mx\/?p=55487","title":{"rendered":"Simpatizantes de Morena agreden a periodistas en la Cdmx"},"content":{"rendered":"\n<p>Redacci\u00f3n\/Zona Roja Cdmx.<\/p>\n\n\n\n<p>Ciudad de M\u00e9xico, a 21 de mayo de 2023.- Simpatizantes de Morena agredieron al reportero Juan Antonio Jim\u00e9nez y su camar\u00f3grafo, pertenecientes a Radio F\u00f3rmula, durante el mitin convocado por el gobernador de Veracruz, Cuitl\u00e1huac Garc\u00eda, este s\u00e1bado frente a las instalaciones de la Suprema Corte de Justicia de la Naci\u00f3n (SCJN).<\/p>\n\n\n\n<p>La agresi\u00f3n inici\u00f3 verbalmente con insultos a los periodistas Joaqu\u00edn L\u00f3pez D\u00f3riga y Ciro G\u00f3mez Leyva, as\u00ed como otros comunicadores.<\/p>\n\n\n\n<p>Para evitar cualquier tipo de problema, reportero y camar\u00f3grafo de Radio F\u00f3rmula se retiraron del lugar, no sin antes recibir patadas por parte de dichos simpatizantes.gresi\u00f3<\/p>\n\n\n\n<p>\u201cEstamos bien. No pas\u00f3 m\u00e1s all\u00e1 de unas patadas y golpes en la espalda (porque de frente no lo hacen). Lo malo es que no nos dejaron trabajar a gusto y nos invitaron a salir \u2018amablemente\u2019 del evento\u201d, apunt\u00f3 Juan Antonio Jim\u00e9nez.<\/p>\n\n\n\n<p>Grupo F\u00f3rmula conden\u00f3 las agresiones hacia sus trabajadores este s\u00e1bado:<\/p>\n\n\n\n<p>\u201cEn Grupo F\u00f3rmula condenamos cualquier expresi\u00f3n a trav\u00e9s de la violencia y llamamos a las y los actores pol\u00edticos a transmitir mensajes que alienten la paz y el di\u00e1logo, que son el camino hacia la democracia que anhelamos. Y reiteramos nuestro compromiso de informar oportuna y verazmente a nuestras audiencias, que tienen el derecho a ello\u201d, apunt\u00f3.<\/p>\n\n\n\n<p>Durante el mitin, que tuvo una duraci\u00f3n aproximada de una hora, el gobernador de Veracruz apunt\u00f3 que la Suprema Corte aparenta tener o\u00eddos sordos ante los reclamos del pueblo, adem\u00e1s de poner trabas a los proyectos prioritarios del presidente&nbsp;Andr\u00e9s Manuel L\u00f3pez Obrador.<\/p>\n\n\n\n<p>\u201cConfirmamos que no tiene remedio el Poder Judicial, luego de que la presidenta de la Corte, Norma Pi\u00f1a, con ocho votos de estos ministros, intentaron poner en un estado de vulnerabilidad&nbsp;jur\u00eddica&nbsp;la culminaci\u00f3n de los&nbsp;grandes proyectos&nbsp;que realiza el presidente&nbsp;de la Rep\u00fablica\u201d, indic\u00f3.<\/p>\n\n\n\n<p>(Con informaci\u00f3n de L\u00f3pez-D\u00f3riga Digital)<\/p>\n","protected":false},"excerpt":{"rendered":"<p>Redacci\u00f3n\/Zona Roja Cdmx. Ciudad de M\u00e9xico, a 21 de mayo de 2023.- Simpatizantes de Morena&hellip;<\/p>\n","protected":false},"author":2,"featured_media":55488,"comment_status":"closed","ping_status":"open","sticky":false,"template":"","format":"standard","meta":{"_lmt_disableupdate":"","_lmt_disable":"","_jetpack_memberships_contains_paid_content":false,"footnotes":""},"categories":[109,47],"tags":[3554],"class_list":["post-55487","post","type-post","status-publish","format-standard","has-post-thumbnail","hentry","category-minuto-a-minuto","category-zona-gris","tag-agresion-a-periodistas-en-mexico"],"jetpack_featured_media_url":"https:\/\/zonaroja.com.mx\/wp-content\/uploads\/2023\/05\/Periodistas-agredidos-SCJ-Morena-Cdmx.jpeg","jetpack_sharing_enabled":true,"_links":{"self":[{"href":"https:\/\/zonaroja.com.mx\/index.php?rest_route=\/wp\/v2\/posts\/55487","targetHints":{"allow":["GET"]}}],"collection":[{"href":"https:\/\/zonaroja.com.mx\/index.php?rest_route=\/wp\/v2\/posts"}],"about":[{"href":"https:\/\/zonaroja.com.mx\/index.php?rest_route=\/wp\/v2\/types\/post"}],"author":[{"embeddable":true,"href":"https:\/\/zonaroja.com.mx\/index.php?rest_route=\/wp\/v2\/users\/2"}],"replies":[{"embeddable":true,"href":"https:\/\/zonaroja.com.mx\/index.php?rest_route=%2Fwp%2Fv2%2Fcomments&post=55487"}],"version-history":[{"count":1,"href":"https:\/\/zonaroja.com.mx\/index.php?rest_route=\/wp\/v2\/posts\/55487\/revisions"}],"predecessor-version":[{"id":55489,"href":"https:\/\/zonaroja.com.mx\/index.php?rest_route=\/wp\/v2\/posts\/55487\/revisions\/55489"}],"wp:featuredmedia":[{"embeddable":true,"href":"https:\/\/zonaroja.com.mx\/index.php?rest_route=\/wp\/v2\/media\/55488"}],"wp:attachment":[{"href":"https:\/\/zonaroja.com.mx\/index.php?rest_route=%2Fwp%2Fv2%2Fmedia&parent=55487"}],"wp:term":[{"taxonomy":"category","embeddable":true,"href":"https:\/\/zonaroja.com.mx\/index.php?rest_route=%2Fwp%2Fv2%2Fcategories&post=55487"},{"taxonomy":"post_tag","embeddable":true,"href":"https:\/\/zonaroja.com.mx\/index.php?rest_route=%2Fwp%2Fv2%2Ftags&post=55487"}],"curies":[{"name":"wp","href":"https:\/\/api.w.org\/{rel}","templated":true}]}}