{"id":55495,"date":"2023-05-21T16:33:55","date_gmt":"2023-05-21T21:33:55","guid":{"rendered":"http:\/\/www.zonaroja.com.mx\/?p=55495"},"modified":"2023-05-21T17:17:58","modified_gmt":"2023-05-21T22:17:58","slug":"ejecutan-a-balazos-padre-y-a-sus-dos-hijos-en-pinotepa-oaxaca","status":"publish","type":"post","link":"https:\/\/zonaroja.com.mx\/?p=55495","title":{"rendered":"Ejecutan a balazos padre y a sus dos hijos en Pinotepa; otro asesinado en Huajuapan"},"content":{"rendered":"\n<p>Ismael Garc\u00eda M.\/Zona Roja.<\/p>\n\n\n\n<p>Oaxaca de Ju\u00e1rez, Oax., a 21 de mayo de 2023.- Un grupo armado ejecuto a tres integrantes de una familia y lesion\u00f3 a otra persona, en Santiago Pinotepa Nacional, municipio de la regi\u00f3n Costa de Oaxaca.<\/p>\n\n\n\n<p>El ataque se registr\u00f3 alrededor de las 10:00 horas en un local comercial ubicado en la calle 7 Norte esquina con Norberto Aguirre, en el centro de dicha ciudad, colindante con el estado de Guerrero.<\/p>\n\n\n\n<p>Las v\u00edctimas fueron el padre de familia y dos de sus hijos, mientras que otra persona, al parecer un adolescente, fue trasladado grave de salud a un nosocomio de Pinotepa.<\/p>\n\n\n\n<p>Las v\u00edctimas han sido identificadas de manera preliminar como Federico M. J., de 63 a\u00f1os de edad; Diego M. C. y Sergio M. C., de 27 y 29 a\u00f1os; el herido, Luis Antonio \u201cN\u201d.<\/p>\n\n\n\n<p>Personal de la Vicefiscal\u00eda Regional de la Costa, dependiente de la Fiscal\u00eda General del Estado de Oaxaca, inici\u00f3 las indagatorias correspondientes.<\/p>\n\n\n\n<p>Por otra parte, esta tarde en el municipio de Huajuapan de Le\u00f3n, en la regi\u00f3n Mixteca del estado, fue asesinado a balazos un individuo.<\/p>\n\n\n\n<p>El crimen se registr\u00f3 en un local comercial ubicado en la calle Ermita de la colonia Isabel; la v\u00edctima fue identificada de manera preliminar como Hersa\u00edn H. M.; hasta el momento se desconoce el m\u00f3vil del ataque y la Vicefiscal\u00eda Regional de la Mixteca inici\u00f3 las indagatorias correspondientes.<\/p>\n","protected":false},"excerpt":{"rendered":"<p>Ismael Garc\u00eda M.\/Zona Roja. Oaxaca de Ju\u00e1rez, Oax., a 21 de mayo de 2023.- Un&hellip;<\/p>\n","protected":false},"author":2,"featured_media":55496,"comment_status":"closed","ping_status":"open","sticky":false,"template":"","format":"standard","meta":{"_lmt_disableupdate":"","_lmt_disable":"","_jetpack_memberships_contains_paid_content":false,"footnotes":""},"categories":[109,51],"tags":[916],"class_list":["post-55495","post","type-post","status-publish","format-standard","has-post-thumbnail","hentry","category-minuto-a-minuto","category-zona-roja","tag-pinotepa-nacional"],"jetpack_featured_media_url":"https:\/\/zonaroja.com.mx\/wp-content\/uploads\/2023\/05\/Ejecutados-Pinotepa-NAcional.jpg","jetpack_sharing_enabled":true,"_links":{"self":[{"href":"https:\/\/zonaroja.com.mx\/index.php?rest_route=\/wp\/v2\/posts\/55495","targetHints":{"allow":["GET"]}}],"collection":[{"href":"https:\/\/zonaroja.com.mx\/index.php?rest_route=\/wp\/v2\/posts"}],"about":[{"href":"https:\/\/zonaroja.com.mx\/index.php?rest_route=\/wp\/v2\/types\/post"}],"author":[{"embeddable":true,"href":"https:\/\/zonaroja.com.mx\/index.php?rest_route=\/wp\/v2\/users\/2"}],"replies":[{"embeddable":true,"href":"https:\/\/zonaroja.com.mx\/index.php?rest_route=%2Fwp%2Fv2%2Fcomments&post=55495"}],"version-history":[{"count":3,"href":"https:\/\/zonaroja.com.mx\/index.php?rest_route=\/wp\/v2\/posts\/55495\/revisions"}],"predecessor-version":[{"id":55505,"href":"https:\/\/zonaroja.com.mx\/index.php?rest_route=\/wp\/v2\/posts\/55495\/revisions\/55505"}],"wp:featuredmedia":[{"embeddable":true,"href":"https:\/\/zonaroja.com.mx\/index.php?rest_route=\/wp\/v2\/media\/55496"}],"wp:attachment":[{"href":"https:\/\/zonaroja.com.mx\/index.php?rest_route=%2Fwp%2Fv2%2Fmedia&parent=55495"}],"wp:term":[{"taxonomy":"category","embeddable":true,"href":"https:\/\/zonaroja.com.mx\/index.php?rest_route=%2Fwp%2Fv2%2Fcategories&post=55495"},{"taxonomy":"post_tag","embeddable":true,"href":"https:\/\/zonaroja.com.mx\/index.php?rest_route=%2Fwp%2Fv2%2Ftags&post=55495"}],"curies":[{"name":"wp","href":"https:\/\/api.w.org\/{rel}","templated":true}]}}