{"id":55498,"date":"2023-05-21T17:38:00","date_gmt":"2023-05-21T22:38:00","guid":{"rendered":"http:\/\/www.zonaroja.com.mx\/?p=55498"},"modified":"2023-05-21T16:46:59","modified_gmt":"2023-05-21T21:46:59","slug":"el-milagro-de-la-semana-dos-semanas-despues-encuentran-a-4-ninos-perdidos-en-selva","status":"publish","type":"post","link":"https:\/\/zonaroja.com.mx\/?p=55498","title":{"rendered":"El milagro de la semana: dos semanas despu\u00e9s, encuentran a 4 ni\u00f1os perdidos en selva"},"content":{"rendered":"\n<p>Redacci\u00f3n\/Zona Roja Cdmx.<\/p>\n\n\n\n<p>Ciudad de M\u00e9xico, a 21 de mayo de 2023.- En un hallazgo que podr\u00eda calificarse de milagroso, tropas del Ej\u00e9rcito Nacional y organismos de socorro encontraron este mi\u00e9rcoles 17 de mayo a los cuatro ni\u00f1os que sobrevivieron al accidente de una avioneta, que se estrell\u00f3 hace 17 d\u00edas cuando cubr\u00eda la ruta Araracuara (Amazonas)-San Jos\u00e9 del Guaviare, y que se siniestr\u00f3 en el departamento del Caquet\u00e1, Colombia.<\/p>\n\n\n\n<p>Tres ni\u00f1os, de cuatro, nueve y 13 a\u00f1os, y un menor de 11 meses, fueron hallados con vida tras intensas labores de b\u00fasqueda, en jornadas que fueron coordinadas desde el Puesto de Mando Unificado (PMU) instalado en Guaviare. La buena nueva se confirm\u00f3 luego del hallazgo de dos cuerpos de los siete ocupantes de esta avioneta, tipo Cessna 206, de matr\u00edcula HK 2803.<\/p>\n\n\n\n<p>A medida que avanza la jornada se han ido conociendo detalles de este rescate, que acapar\u00f3 la atenci\u00f3n de los colombianos y celebraron, a trav\u00e9s de las redes sociales, esta noticia. Como el presidente de la Rep\u00fablica, Gustavo Petro, que confirm\u00f3 al pa\u00eds que hab\u00edan encontrado a los ni\u00f1os.<\/p>\n\n\n\n<p>\u201cDespu\u00e9s de arduas labores de b\u00fasqueda de nuestras Fuerzas Militares, hemos encontrado con vida a los 4 ni\u00f1os que hab\u00edan desaparecido por el accidente a\u00e9reo en Guaviare. Una alegr\u00eda para el pa\u00eds\u201d, expres\u00f3 Petro mediante su cuenta de Twitter.<\/p>\n\n\n\n<p>GRACIAS A LANCHERO<\/p>\n\n\n\n<p>De acuerdo con informaci\u00f3n que se ha conocido, un habitante de la zona comunic\u00f3 a las Fuerzas Militares que hab\u00eda visto a varios ni\u00f1os desplazarse en una lancha, con lo que empez\u00f3 a manejarse la posibilidad de que fueran los menores que se encontraban desaparecidos tras el accidente de esta aeronave.<\/p>\n\n\n\n<p>\u201cEl grupo de rescatistas est\u00e1 analizando la informaci\u00f3n a la noticia que produjo, con el hallazgo que est\u00e1 informando el presidente. Dicen que un habitante de la zona, a trav\u00e9s de radioperador, inform\u00f3 de la presencia de varios ni\u00f1os que iban en una lancha. Cuando le preguntaron al lanchero, este les confirm\u00f3 que se tratar\u00eda de los menores que se hab\u00edan accidentado en esta avioneta\u201d, inform\u00f3 Noticias Caracol.<\/p>\n\n\n\n<p>Por lo que se desplazaron hasta Cachiporro, en Vaup\u00e9s, en l\u00edmites con Guaviare, en donde verificaron el estado de los ni\u00f1os. Fue la ni\u00f1a mayor, de 13 a\u00f1os, la que se encarg\u00f3 de mantener a salvo, durante m\u00e1s de dos semanas, a sus hermanos, tras armar un refugio provisional en la selva de Caquet\u00e1.<\/p>\n\n\n\n<p>En las tareas de rescate, F\u00e1tima, abuela de los ni\u00f1os, grab\u00f3 un audio tanto en espa\u00f1ol como en el dialecto ind\u00edgena de la comunidad de la que hacen parte, en el que le ped\u00eda a sus nietos estar atentos a la presencia de los socorristas.<\/p>\n\n\n\n<p>\u201cLe pido su favor, tienen que estar quietos porque el Ej\u00e9rcito los est\u00e1 buscando, si escucha el micr\u00f3fono, ellos los van a traer\u201d, mencion\u00f3 la mujer.<\/p>\n\n\n\n<p>Luego de confirmarse la buena noticia por parte del presidente Petro, al lugar se desplazaron funcionarios del Instituto Colombiano de Bienestar Familiar (ICBF), para brindar acompa\u00f1amiento a los menores.<\/p>\n\n\n\n<p>NO PERDIERON LA FE<\/p>\n\n\n\n<p>La esperanza de hallar a los menores con vida empez\u00f3 a gestarse este martes 16 de mayo, cuando se confirm\u00f3 por la Aeron\u00e1utica Civil el hallazgo de la aeronave que se encontraba desaparecida. Con lo que comenzaron, en los alrededores de la zona, las labores de b\u00fasqueda de los ocupantes de la misma; y pese a que en principio se hall\u00f3 el cad\u00e1ver de uno de los pasajeros, rastros de comida y ropa fortalecieron la hip\u00f3tesis de que habr\u00eda sobrevivientes de este siniestro.<\/p>\n\n\n\n<p>Con el apoyo de Ulises, uno de los perros del Ej\u00e9rcito entrenado en b\u00fasqueda y rastro, se encontr\u00f3 el mencionado refugio, que fue construido con hojas de palmeras y ramas, y en donde se hallaron unas tijeras y u\u00f1as mo\u00f1as usadas para sujetar el cabello; adem\u00e1s de un bolso y un tetero.<\/p>\n\n\n\n<p>(Informaci\u00f3n de Infobae)<\/p>\n","protected":false},"excerpt":{"rendered":"<p>Redacci\u00f3n\/Zona Roja Cdmx. Ciudad de M\u00e9xico, a 21 de mayo de 2023.- En un hallazgo&hellip;<\/p>\n","protected":false},"author":2,"featured_media":55499,"comment_status":"closed","ping_status":"open","sticky":false,"template":"","format":"standard","meta":{"_lmt_disableupdate":"","_lmt_disable":"","_jetpack_memberships_contains_paid_content":false,"footnotes":""},"categories":[109,46],"tags":[3555],"class_list":["post-55498","post","type-post","status-publish","format-standard","has-post-thumbnail","hentry","category-minuto-a-minuto","category-zona-blanca","tag-colombia"],"jetpack_featured_media_url":"https:\/\/zonaroja.com.mx\/wp-content\/uploads\/2023\/05\/Ninos-rescatados-Colombia.jpeg","jetpack_sharing_enabled":true,"_links":{"self":[{"href":"https:\/\/zonaroja.com.mx\/index.php?rest_route=\/wp\/v2\/posts\/55498","targetHints":{"allow":["GET"]}}],"collection":[{"href":"https:\/\/zonaroja.com.mx\/index.php?rest_route=\/wp\/v2\/posts"}],"about":[{"href":"https:\/\/zonaroja.com.mx\/index.php?rest_route=\/wp\/v2\/types\/post"}],"author":[{"embeddable":true,"href":"https:\/\/zonaroja.com.mx\/index.php?rest_route=\/wp\/v2\/users\/2"}],"replies":[{"embeddable":true,"href":"https:\/\/zonaroja.com.mx\/index.php?rest_route=%2Fwp%2Fv2%2Fcomments&post=55498"}],"version-history":[{"count":1,"href":"https:\/\/zonaroja.com.mx\/index.php?rest_route=\/wp\/v2\/posts\/55498\/revisions"}],"predecessor-version":[{"id":55500,"href":"https:\/\/zonaroja.com.mx\/index.php?rest_route=\/wp\/v2\/posts\/55498\/revisions\/55500"}],"wp:featuredmedia":[{"embeddable":true,"href":"https:\/\/zonaroja.com.mx\/index.php?rest_route=\/wp\/v2\/media\/55499"}],"wp:attachment":[{"href":"https:\/\/zonaroja.com.mx\/index.php?rest_route=%2Fwp%2Fv2%2Fmedia&parent=55498"}],"wp:term":[{"taxonomy":"category","embeddable":true,"href":"https:\/\/zonaroja.com.mx\/index.php?rest_route=%2Fwp%2Fv2%2Fcategories&post=55498"},{"taxonomy":"post_tag","embeddable":true,"href":"https:\/\/zonaroja.com.mx\/index.php?rest_route=%2Fwp%2Fv2%2Ftags&post=55498"}],"curies":[{"name":"wp","href":"https:\/\/api.w.org\/{rel}","templated":true}]}}