{"id":55501,"date":"2023-05-21T18:47:00","date_gmt":"2023-05-21T23:47:00","guid":{"rendered":"http:\/\/www.zonaroja.com.mx\/?p=55501"},"modified":"2023-05-21T16:49:08","modified_gmt":"2023-05-21T21:49:08","slug":"opinion-y-sin-embargo-el-sur-resiste-iv","status":"publish","type":"post","link":"https:\/\/zonaroja.com.mx\/?p=55501","title":{"rendered":"Opini\u00f3n. Y sin embargo, el sur resiste \/ IV"},"content":{"rendered":"\n<p>Diego Enrique Osorno*<\/p>\n\n\n\n<p>Ah\u00ed en El Bosque, comunidad costera de Tabasco que pronto desaparecer\u00e1 a causa del calentamiento global, la caravana El Sur Resiste cuestion\u00f3 la crisis clim\u00e1tica generada por el Norte Global.&nbsp;&nbsp;&nbsp;&nbsp;<\/p>\n\n\n\n<p>En su quinto d\u00eda de recorrido, los caravanistas y pobladores que los recibieron, denunciaron la falta de pol\u00edticas p\u00fablicas para apoyar a los pueblos originarios, campesinos y pesqueros, que suelen ser los que m\u00e1s padecen los estragos del calentamiento que sufre el mundo.<\/p>\n\n\n\n<p>Antes de comer con los habitantes que a\u00fan quedan en El Bosque, recorrieron diversos puntos para registrar la situaci\u00f3n cr\u00edtica y resaltar la falta de atenci\u00f3n espec\u00edfica por parte de las autoridades.<\/p>\n\n\n\n<p>El pasado mes de febrero acudieron representantes de la Secretar\u00eda de Desarrollo Agrario, Territorial y Urbano (Sedatu) y de la Secretar\u00eda del Medio Ambiente y Recursos Naturales (Semarnat)&nbsp;para decirles que ser\u00edan reubicados, pero hasta la fecha no les han informado nada m\u00e1s. Los habitantes que a\u00fan siguen ah\u00ed no saben a qu\u00e9 lugar ir\u00e1n ni cu\u00e1ndo ni bajo qu\u00e9 condiciones.<\/p>\n\n\n\n<p>De acuerdo con el reporte dado a conocer en www.elsurresiste.org, Cristina y Estalinada fueron las pobladoras encargadas de guiar la visita y compartir testimonio de lo que pasa. \u201cNosotros vivimos de la pesca, por eso queremos pedir si puede ser en un lugar en donde podamos hacer eso; es preocupante todo, muy preocupante, no sabemos a d\u00f3nde vamos a ir ni cu\u00e1ndo\u201d, explicaron a los caravanistas.<\/p>\n\n\n\n<p>PENSANDO EN EL MAR<\/p>\n\n\n\n<p>Ante la inminente extinci\u00f3n de su comunidad, relataron que \u201cs\u00ed platicamos como comunidad, nos sentamos, platicamos con el caf\u00e9 y el pan, porque dicen que las penas con pan son menos. Nos ponemos muy mal como comunidad. Las noches son muy preocupantes. Nos la pasamos pensando en el mar, ese mar que ya nos da miedo de que vaya a subir m\u00e1s. Nos ha tocado a las 3 am, a las 4 am, sacar cosas de la gente, porque ya el mar subi\u00f3, y s\u00ed nos pega como comunidad\u201d.<\/p>\n\n\n\n<p>Otro de los problemas latentes que denunciaron es la falla constante del servicio de electricidad, a causa de que los postes de luz est\u00e1n siendo absorbidos por las olas crecientes. \u201cLa comunidad entera casi perdi\u00f3 sus refrigeradores; yo, que tengo diabetes, por ejemplo, no tengo en donde guardar mi insulina. Ayer me traje una barra de hielo, pero no s\u00e9 si pueda traerla diario. Estamos de acuerdo con la reubicaci\u00f3n, pero tenemos necesidades urgentes por lo mientras\u201d.<\/p>\n\n\n\n<p>Las pobladoras llevaron a los caravanistas a ver diversas construcciones sumergidas, entre ellas el antiguo k\u00ednder y primaria local, los cuales han sido sustituidos con una peque\u00f1a construcci\u00f3n de bloc y l\u00e1mina improvisada como escuela.<\/p>\n\n\n\n<p>CAMBIO CLIM\u00c1TICO<\/p>\n\n\n\n<p>Tambi\u00e9n visitaron lo que antes era un peque\u00f1o muelle que serv\u00eda como punto de encuentro familiar y pesquero. \u201cAqu\u00ed ven\u00edamos la mayor\u00eda de la gente a pescar. Esto era como un tianguis. Ven\u00edamos todos con cobijas y nuestros hijos se quedaban aqu\u00ed dormidos y nosotros nos \u00edbamos a pescar. Llev\u00e1bamos el producto a vender y en la tarde otra vez a pescar. Ya no pasa eso, ya no hay la producci\u00f3n que antes hab\u00eda, ya se perdi\u00f3. Esto, compa\u00f1eros, eran nuestras ra\u00edces. Yo me siento triste. Siento que el cambio clim\u00e1tico nos est\u00e1 quitando nuestras ra\u00edces. Es algo muy triste, sabemos que si un d\u00eda entra un norte m\u00e1s duro o un hurac\u00e1n podemos desaparecer de la noche a la ma\u00f1ana\u201d.<\/p>\n\n\n\n<p>\u201cEsto era un muelle bien estructurando, pero se ha ido perdiendo, hundiendo. Aqu\u00ed pesc\u00e1bamos, hac\u00edamos fiesta. Yo nunca me imagin\u00e9 que nos iba a pasar. Cuando dec\u00edan cambio clim\u00e1tico, se escuchaba como una voz lejana. Cuando escuchaba eso pensaba en la gente de la ciudad con sus coches y no en nosotros que vivimos sin contaminaci\u00f3n. El cambio no lo provocamos nosotros, pero lo vamos a pagar nosotros\u201d.<\/p>\n\n\n\n<p>CANDELARIA, CAMPECHE<\/p>\n\n\n\n<p>Tras dejar Tabasco, en su sexto d\u00eda de andanzas, la caravana lleg\u00f3 a Candelaria, Campeche, lugar en el que el Tren Maya tendr\u00e1 una parada y la construcci\u00f3n de las nuevas v\u00edas ferroviarias tiene un notorio avance.<\/p>\n\n\n\n<p>Un ritual antecede al foro en el que habitantes de la Candelaria explican a los caravanistas los cuatro principales da\u00f1os que ha causado el megaproyecto oficial en este lugar, los cuales son resumidos as\u00ed en el comunicado de ese d\u00eda:<\/p>\n\n\n\n<p>1. Desalojos forzados. \u201cAl menos 300 casas han sido desalojadas desde que el proyecto fue anunciado en esta comunidad. Muchas de las familias que no quer\u00edan vender sus hogares fueron hostigadas y presionadas para aceptar las compensaciones monetarias\u201d.<\/p>\n\n\n\n<p>2.&nbsp;Enfermedades estomacales y respiratorias. \u201cLos miembros de la comunidad hablan sobre un incremento en enfermedades de esta \u00edndole desde que comenz\u00f3 la construcci\u00f3n del Tren, a lo que adjudican una peor calidad del agua y la respiraci\u00f3n constante de materiales y sustancias utilizadas en la construcci\u00f3n. Es f\u00e1cil notar c\u00f3mo una capa blanca de polvo r\u00e1pidamente se pega en la ropa y el cuerpo cubriendo todo el recinto debido a su cercan\u00eda a la construcci\u00f3n\u201d.<\/p>\n\n\n\n<p>3. Divisi\u00f3n de la comunidad. \u201cEl proyecto ha provocado que en la Candelaria haya m\u00e1s divisiones entre las personas que apoyan el proyecto por los falsos beneficios econ\u00f3micos que el gobierno de M\u00e9xico ha anunciado, y las personas que se oponen a su construcci\u00f3n por la destrucci\u00f3n ambiental y social que traer\u00e1 consigo\u201d.<\/p>\n\n\n\n<p>4. Perdida de cuerpos de agua. \u201cEntre las afectaciones m\u00e1s graves del proyecto est\u00e1 el relleno de una parte del r\u00edo de agua limpia que cruza la comunidad. La comunidad tambi\u00e9n menciona que humedales dentro de la comunidad han sido tambi\u00e9n rellenados para poder seguir con la construcci\u00f3n del tren de la muerte\u201d.<\/p>\n\n\n\n<p>Al concluir el desfile de testimonios, pobladores y caravanistas realizaron una marcha en la que la consigna principal era: \u201c\u00a1este Tren no es Maya, este tren es militar!\u201d, aunque algunos otros pobladores les gritaron: \u201c\u00a1queremos progreso!\u201d.<\/p>\n\n\n\n<p>El discurso oficial y los programas oficiales han dividido a la comunidad, estimaron los caravanistas.<\/p>\n\n\n\n<p>Al finalizar su marcha por Candelaria, la caravana enfil\u00f3 hacia Valladolid, ya en la pen\u00ednsula de Yucat\u00e1n.<\/p>\n\n\n\n<p>Continuar\u00e1\u2026<\/p>\n\n\n\n<p>*Escritor y periodista<\/p>\n\n\n\n<p>@DiegoEOsorno<\/p>\n","protected":false},"excerpt":{"rendered":"<p>Diego Enrique Osorno* Ah\u00ed en El Bosque, comunidad costera de Tabasco que pronto desaparecer\u00e1 a&hellip;<\/p>\n","protected":false},"author":2,"featured_media":48560,"comment_status":"closed","ping_status":"open","sticky":false,"template":"","format":"standard","meta":{"_lmt_disableupdate":"","_lmt_disable":"","_jetpack_memberships_contains_paid_content":false,"footnotes":""},"categories":[456,109],"tags":[3020],"class_list":["post-55501","post","type-post","status-publish","format-standard","has-post-thumbnail","hentry","category-columna","category-minuto-a-minuto","tag-diego-enrique-osorno"],"jetpack_featured_media_url":"https:\/\/zonaroja.com.mx\/wp-content\/uploads\/2022\/11\/Diego-Enrique-Osorno.jpeg","jetpack_sharing_enabled":true,"_links":{"self":[{"href":"https:\/\/zonaroja.com.mx\/index.php?rest_route=\/wp\/v2\/posts\/55501","targetHints":{"allow":["GET"]}}],"collection":[{"href":"https:\/\/zonaroja.com.mx\/index.php?rest_route=\/wp\/v2\/posts"}],"about":[{"href":"https:\/\/zonaroja.com.mx\/index.php?rest_route=\/wp\/v2\/types\/post"}],"author":[{"embeddable":true,"href":"https:\/\/zonaroja.com.mx\/index.php?rest_route=\/wp\/v2\/users\/2"}],"replies":[{"embeddable":true,"href":"https:\/\/zonaroja.com.mx\/index.php?rest_route=%2Fwp%2Fv2%2Fcomments&post=55501"}],"version-history":[{"count":1,"href":"https:\/\/zonaroja.com.mx\/index.php?rest_route=\/wp\/v2\/posts\/55501\/revisions"}],"predecessor-version":[{"id":55502,"href":"https:\/\/zonaroja.com.mx\/index.php?rest_route=\/wp\/v2\/posts\/55501\/revisions\/55502"}],"wp:featuredmedia":[{"embeddable":true,"href":"https:\/\/zonaroja.com.mx\/index.php?rest_route=\/wp\/v2\/media\/48560"}],"wp:attachment":[{"href":"https:\/\/zonaroja.com.mx\/index.php?rest_route=%2Fwp%2Fv2%2Fmedia&parent=55501"}],"wp:term":[{"taxonomy":"category","embeddable":true,"href":"https:\/\/zonaroja.com.mx\/index.php?rest_route=%2Fwp%2Fv2%2Fcategories&post=55501"},{"taxonomy":"post_tag","embeddable":true,"href":"https:\/\/zonaroja.com.mx\/index.php?rest_route=%2Fwp%2Fv2%2Ftags&post=55501"}],"curies":[{"name":"wp","href":"https:\/\/api.w.org\/{rel}","templated":true}]}}