{"id":55506,"date":"2023-05-22T08:15:49","date_gmt":"2023-05-22T13:15:49","guid":{"rendered":"http:\/\/www.zonaroja.com.mx\/?p=55506"},"modified":"2023-05-22T08:15:53","modified_gmt":"2023-05-22T13:15:53","slug":"opinion-lopez-obrador-crece-el-autoritarismo-y-sed-de-venganza","status":"publish","type":"post","link":"https:\/\/zonaroja.com.mx\/?p=55506","title":{"rendered":"Opini\u00f3n. L\u00f3pez Obrador: crece el autoritarismo y sed de venganza"},"content":{"rendered":"\n<p>Ismael Garc\u00eda M.\/Zona Roja.<\/p>\n\n\n\n<p>Oaxaca de Ju\u00e1rez, Oax., a 22 de mayo de 2023.- A punto de cerrar el sexenio de la autollamada \u201cCuarta Transformaci\u00f3n\u201d, el rostro de Andr\u00e9s Manuel L\u00f3pez Obrador se torna en preocupaci\u00f3n y deviene en actitudes de autoritarismo, venganza y odio.<\/p>\n\n\n\n<p>Seg\u00fan \u00e9l, los enemigos con los que pelea son los \u201cconservadores\u201d y \u201cfif\u00eds\u201d, adem\u00e1s de los periodistas que revelan corrupci\u00f3n en su gobierno, pero es la necia realidad la que sigue rebelde:&nbsp;<\/p>\n\n\n\n<p>Extrema violencia, probable protecci\u00f3n a grupos delictivos, instituciones desmanteladas, ataques al Poder Judicial y a todo aquel que se oponga a sus designios; graves hechos de corrupci\u00f3n, en que podr\u00edan estar involucrados sus hijos; sumisi\u00f3n al Ej\u00e9rcito Mexicano; megaproyectos sin transparencia, con excesivas inversiones y que podr\u00edan quedar inconclusos.<\/p>\n\n\n\n<p>En este espacio, desde hace varias semanas se anticip\u00f3 el fin del sexenio, principalmente porque el Presidente adelant\u00f3 su sucesi\u00f3n y juega con sus candidatos, pese a que ya se decidi\u00f3 por una: Claudia Sheinbaum.<\/p>\n\n\n\n<p>Ello ha generado una crisis pol\u00edtica interna que tiene tambi\u00e9n al Partido Morena maniatado a las \u00f3rdenes de Obrador. Hoy los espacios de discusi\u00f3n p\u00fablica no son las obras o acciones positivas del mandatario mexicano, sino la encarnizada lucha por la sucesi\u00f3n.<\/p>\n\n\n\n<p>Y tan preocupado est\u00e1 el jefe pol\u00edtico y \u00fanico de los morenistas, que ha arreciado sus cr\u00edticas y odios en contra de todo y de todos, as\u00ed sean instituciones como el Poder Judicial, el Instituto Nacional Electoral o el Tribunal Electoral del Poder Judicial\u2026 mientras protege a quienes han saqueado desde su gobierno.<\/p>\n\n\n\n<p>SUCESI\u00d3N ADELANTADA<\/p>\n\n\n\n<p>Su necedad porque sea Claudia Sheinbaum la candidata presidencial de Morena y de otros partidos ha dividido al partido y a los propios integrantes de su gabinete.<\/p>\n\n\n\n<p>D\u00eda con d\u00eda se ve la cargada, p\u00fablica y descaradamente, a favor de la Jefa de Gobierno de la Ciudad de M\u00e9xico, en pr\u00e1cticamente todo el territorio nacional.&nbsp;<\/p>\n\n\n\n<p>Hasta los gobernadores se han inmiscuido en este juego electoral, violatorio de las leyes pero sobre todo violatorio de las supuestas normas morenistas.<\/p>\n\n\n\n<p>Sucedi\u00f3 en Oaxaca hace apenas una semana, en que el mandatario Salom\u00f3n Jara Cruz opt\u00f3 por acompa\u00f1ar a Sheinbaum a dos conferencias durante un d\u00eda, una en Juchit\u00e1n y otra en Huatulco, con todos los integrantes del gabinete y toda la cargada de organizaciones sociales.<\/p>\n\n\n\n<p>Mientras que Marcelo Ebrard estuvo tres d\u00edas, dos de ellos en actos oficiales pero acomodados al proselitismo, y ni siquiera tuvo una palabra de recibimiento y mucho menos envi\u00f3 representantes oficiales.<\/p>\n\n\n\n<p>Eso ha generado enojos del propio secretario de Relaciones Exteriores, \u00fanico opositor con posibilidades reales de lograr la candidatura\u2026 si lo dejan y si el juego morenista es limpio.<\/p>\n\n\n\n<p>Pero no. Ebrard a\u00fan no acepta el cargo que le ofrece L\u00f3pez Obrador en el pr\u00f3ximo gabinete.<\/p>\n\n\n\n<p>Ad\u00e1n Augusto L\u00f3pez es s\u00f3lo un marioneta del Presidente, pues ni ata ni desata en la Secretar\u00eda de Gobernaci\u00f3n, pero se pasea tambi\u00e9n por el pa\u00eds, a sabiendas que no tiene ninguna posibilidad de suceder a su actual jefe.<\/p>\n\n\n\n<p>Ricardo Monreal, siempre dispuesto a cualquier genuflexi\u00f3n y a obedecer \u00f3rdenes, ya acept\u00f3 que no podr\u00e1 ser candidato. As\u00ed ha actuado el senador en el priismo y en el perredismo, amagar y amagar y amagar, hasta lograr un beneficio y el de ahora es la posible candidatura a la Ciudad de M\u00e9xico.<\/p>\n\n\n\n<p>\u00bfMario Delgado? Otro t\u00edtere del Presidente que se limita a observar el rejuego electoral. Por cierto, Obrador ya negoci\u00f3 ganar el Estado de M\u00e9xico y ceder el estado de Coahuila, en la disputa por la gubernatura, este a\u00f1o.<\/p>\n\n\n\n<p>CONTRA INSTITUCIONES<\/p>\n\n\n\n<p>Andr\u00e9s Manuel no puede convivir con la democracia ni la tolera, pese a sus discursos en p\u00fablico.&nbsp;<\/p>\n\n\n\n<p>Sus m\u00e1s recientes pleitos son con la Suprema Corte de Justicia de la Naci\u00f3n, que le ha ganado ya varias partidas, habida cuenta que no se ci\u00f1e a sus \u00f3rdenes.<\/p>\n\n\n\n<p>Y como no obedece, la presidenta de esa instituci\u00f3n, Norma Pi\u00f1a, ha sido v\u00edctima de una andanada de ataques que hasta ha sido apoyada por mandatarios, como sucedi\u00f3 la semana pasada con la participaci\u00f3n del veracruzano Cuitl\u00e1huac Garc\u00eda.<\/p>\n\n\n\n<p>El m\u00e1ximo \u00f3rgano de justicia determin\u00f3 que no es viable ocultar los datos de las megaobras presidenciales; Obrador respondi\u00f3 con otro decreto.<\/p>\n\n\n\n<p>Decidi\u00f3 echar abajo el llamado \u201cPlan B\u201d, que implica diversos cambios en el Instituto Nacional Electoral; el mandatario decidi\u00f3 arreciar sus cr\u00edticas, desde el p\u00falpito de las \u201cma\u00f1aneras\u201d.<\/p>\n\n\n\n<p>Con el Instituto Nacional Electoral, se ha topado con pared y ha logrado m\u00ednimos cambios, todo porque han criticado tambi\u00e9n los excesos proselitistas del mandatario morenista. Igual ha hecho con el Tribunal Electoral del Poder Judicial.<\/p>\n\n\n\n<p>Para \u00e9l, todos son corruptos, ministros y magistrados, y nadie tiene la verdad m\u00e1s que \u00e9l. Y si no gana, impone.<\/p>\n\n\n\n<p>Como sucedi\u00f3 en el INE, en que logr\u00f3 colocar a Guadalupe Taddei, que ahora cumple toda clase de caprichos, como se decidi\u00f3 recientemente de no sancionar a las \u201ccorcholatas\u201d que hacen campa\u00f1a proselitista todos los d\u00edas.&nbsp;<\/p>\n\n\n\n<p>LOS MEGAPROYECTOS<\/p>\n\n\n\n<p>El Presidente est\u00e1 decidido a pasar a la historia con megaproyectos, que han succionado todo, todo el presupuesto federal \u2014junto con el dinero que regala a trav\u00e9s de programas sociales\u2014 y ha originado con ello desmantelamiento de programas e incluso la reducci\u00f3n de medicamentos para la poblaci\u00f3n desprotegida como es la ni\u00f1ez.<\/p>\n\n\n\n<p>Eso no importa si lo que vale es tener un Tren Maya que comunique a diversas entidades del pa\u00eds, as\u00ed sea con costos elevad\u00edsimos y pasando por encima de vestigios prehisp\u00e1nicos y de los recursos naturales. Est\u00e1 en duda, por cierto, que sea concluido en el plazo fijado.<\/p>\n\n\n\n<p>La refiner\u00eda Dos Bocas, en Tabasco, tambi\u00e9n ha requerido de multimillonarias inversiones y supuestamente ya se inaugur\u00f3, pero no produce una gota de combustibles.<\/p>\n\n\n\n<p>El Corredor Interoce\u00e1nico, sigue siendo una quimera y los trabajos, que involucran a Oaxaca y a Veracruz, est\u00e1n muy retrasados, tanto que quiz\u00e1 no se terminen en el sexenio.<\/p>\n\n\n\n<p>A previsi\u00f3n de ello, la semana pasada L\u00f3pez Obrador se apropi\u00f3 o expropi\u00f3, de 120 kil\u00f3metros de v\u00edas f\u00e9rreas en territorio veracruzano, que son del Grupo M\u00e9xico, para ocuparlos para el Tren Trans\u00edstimico.<\/p>\n\n\n\n<p>Los conflictos y oposiciones en Oaxaca no paran y las autoridades estatales poco o nada han hecho para garantizar seguridad para esas inversiones y la concreci\u00f3n del proyecto.<\/p>\n\n\n\n<p>Ah\u00ed est\u00e1 otro \u201celefante blanco\u201d, el Aeropuerto Internacional \u201cFelipe \u00c1ngeles\u201d, que a un a\u00f1o de haber sido inaugurado, tiene una m\u00ednima actividad de transporte a\u00e9reo.<\/p>\n\n\n\n<p>\u00bfY LA CORRUPCI\u00d3N?<\/p>\n\n\n\n<p>S\u00ed la hay en la \u201cCuarta Transformaci\u00f3n\u201d y el caso m\u00e1s claro es en Segalmex, en donde \u201cdesaparecieron\u201d cientos de millones de pesos, pero se detuvieron a funcionarios de menor envergadura y el director general sigue libre e incluso protegido en otro cargo p\u00fablico.<\/p>\n\n\n\n<p>Ah\u00ed est\u00e1 el caso del Instituto para Devolver al Pueblo lo Robado, donde parad\u00f3jicamente han robado dinero y bienes.<\/p>\n\n\n\n<p>Ah\u00ed est\u00e1 el lujoso departamento que adquiri\u00f3 el general secretario de la Defensa Nacional, que ha reconocido la propiedad, aunque minimiza el costo.<\/p>\n\n\n\n<p>Ah\u00ed est\u00e1n los hijos, Andr\u00e9s Manuel y Jos\u00e9 Ram\u00f3n \u2014hijos de la finada Roc\u00edo Beltr\u00e1n\u2014, hoy pr\u00f3speros empresarios, que viajan continuamente al extranjero y que han sido descubiertos como los verdaderos negociantes de la obra p\u00fablica presidencial.<\/p>\n\n\n\n<p>Ah\u00ed est\u00e1 el \u201cdinosaurio\u201d de Manuel Bartlett D\u00edaz, que tambi\u00e9n ha sido descubierto con m\u00faltiples propiedades particulares.<\/p>\n\n\n\n<p>Por cierto, en temas de corrupci\u00f3n, est\u00e1 tambi\u00e9n la protecci\u00f3n del director del Instituto Nacional de Migraci\u00f3n, probable responsable de la muerte de 40 migrantes, calcinados en sede oficial, pero sigue en el cargo y hasta \u201cduerme bien\u201d.<\/p>\n\n\n\n<p>Mientras tanto, la guerra intestina entre las \u201ccorcholatas\u201d sigue y Obrador s\u00f3lo atina a utilizar su poder y su autoritarismo. Se\u00f1ala a quienes acusan las fallas en su gobierno, as\u00ed sean periodistas, y hasta los acusa de delincuentes, a\u00fan sin juicio formal de por medio.<\/p>\n\n\n\n<p>Mientras tanto, crece el poder del Ej\u00e9rcito Mexicano, otorgado por el propio mandatario, y ya se siente suficiente para incidir en la sucesi\u00f3n presidencial, as\u00ed sea por la fuerza.&nbsp;<\/p>\n\n\n\n<p>Mientras tanto, el crimen organizado se apodera d\u00eda con d\u00eda de m\u00e1s regiones del pa\u00eds\u2026<\/p>\n","protected":false},"excerpt":{"rendered":"<p>Ismael Garc\u00eda M.\/Zona Roja. Oaxaca de Ju\u00e1rez, Oax., a 22 de mayo de 2023.- A&hellip;<\/p>\n","protected":false},"author":2,"featured_media":41735,"comment_status":"closed","ping_status":"open","sticky":false,"template":"","format":"standard","meta":{"_lmt_disableupdate":"","_lmt_disable":"","_jetpack_memberships_contains_paid_content":false,"footnotes":""},"categories":[456,109,48],"tags":[1353],"class_list":["post-55506","post","type-post","status-publish","format-standard","has-post-thumbnail","hentry","category-columna","category-minuto-a-minuto","category-zona-critica","tag-opinion-zona-critica"],"jetpack_featured_media_url":"https:\/\/zonaroja.com.mx\/wp-content\/uploads\/2022\/05\/Opinion-Ismael-Garcia-M.jpg","jetpack_sharing_enabled":true,"_links":{"self":[{"href":"https:\/\/zonaroja.com.mx\/index.php?rest_route=\/wp\/v2\/posts\/55506","targetHints":{"allow":["GET"]}}],"collection":[{"href":"https:\/\/zonaroja.com.mx\/index.php?rest_route=\/wp\/v2\/posts"}],"about":[{"href":"https:\/\/zonaroja.com.mx\/index.php?rest_route=\/wp\/v2\/types\/post"}],"author":[{"embeddable":true,"href":"https:\/\/zonaroja.com.mx\/index.php?rest_route=\/wp\/v2\/users\/2"}],"replies":[{"embeddable":true,"href":"https:\/\/zonaroja.com.mx\/index.php?rest_route=%2Fwp%2Fv2%2Fcomments&post=55506"}],"version-history":[{"count":1,"href":"https:\/\/zonaroja.com.mx\/index.php?rest_route=\/wp\/v2\/posts\/55506\/revisions"}],"predecessor-version":[{"id":55507,"href":"https:\/\/zonaroja.com.mx\/index.php?rest_route=\/wp\/v2\/posts\/55506\/revisions\/55507"}],"wp:featuredmedia":[{"embeddable":true,"href":"https:\/\/zonaroja.com.mx\/index.php?rest_route=\/wp\/v2\/media\/41735"}],"wp:attachment":[{"href":"https:\/\/zonaroja.com.mx\/index.php?rest_route=%2Fwp%2Fv2%2Fmedia&parent=55506"}],"wp:term":[{"taxonomy":"category","embeddable":true,"href":"https:\/\/zonaroja.com.mx\/index.php?rest_route=%2Fwp%2Fv2%2Fcategories&post=55506"},{"taxonomy":"post_tag","embeddable":true,"href":"https:\/\/zonaroja.com.mx\/index.php?rest_route=%2Fwp%2Fv2%2Ftags&post=55506"}],"curies":[{"name":"wp","href":"https:\/\/api.w.org\/{rel}","templated":true}]}}