{"id":55508,"date":"2023-05-22T08:32:46","date_gmt":"2023-05-22T13:32:46","guid":{"rendered":"http:\/\/www.zonaroja.com.mx\/?p=55508"},"modified":"2023-05-22T08:32:48","modified_gmt":"2023-05-22T13:32:48","slug":"tiene-oaxaca-otro-dia-de-crisis-social-con-megaprotestas-y-paro-magisterial","status":"publish","type":"post","link":"https:\/\/zonaroja.com.mx\/?p=55508","title":{"rendered":"Tiene Oaxaca otro d\u00eda de crisis social con megaprotestas\u2026 y paro magisterial"},"content":{"rendered":"\n<p>Ismael Garc\u00eda M.\/Zona Roja.<\/p>\n\n\n\n<p>Oaxaca de Ju\u00e1rez, Oax., a 22 de mayo de 2024.- Luego de marchar y parar labores por dos d\u00edas, la semana pasada, la Secci\u00f3n 22 del SNTE inicia hoy una nueva jornada de 48 horas de afectaci\u00f3n a la educaci\u00f3n de Oaxaca.<\/p>\n\n\n\n<p>En tanto, organizaciones sociales encabezadas por el Movimiento de Unificaci\u00f3n y Lucha Triqui Independiente (MULTI) realizan tambi\u00e9n hoy movilizaciones a nivel estatal, nacional e internacional, en demanda de justicia y regreso de los desplazados a su lugar de origen.<\/p>\n\n\n\n<p>Desde esta ma\u00f1ana, el magisterio ya ocupa calles del centro de la ciudad de Oaxaca y el exterior del Palacio de Gobierno, a fin de arreciar su protesta en contra del gobierno de Salom\u00f3n Jara Cruz, a fin de exigir cumplimiento a su pliego petitorio.<\/p>\n\n\n\n<p>Tambi\u00e9n realizar\u00e1n una marcha masiva, que parte del monumento a don Benito Ju\u00e1rez, en la zona oriente de la capital, con rumbo al Centro Hist\u00f3rico, donde instalar\u00e1n un \u201cplant\u00f3n\u201d.<\/p>\n\n\n\n<p>Mientras tanto, el MULTI inicia su jornada de movilizaciones y en la capital oaxaque\u00f1a, efectuar\u00e1 una marcha de la zona de Santa Rosa Panzacola al centro; tambi\u00e9n habr\u00e1 bloqueos carreteros en el interior del estado.<\/p>\n\n\n\n<p>Asimismo, prev\u00e9 movilizaciones en la Ciudad de M\u00e9xico y en los estados de Sonora y Baja California, adem\u00e1s de la ciudad de Seatle, en Estados Unidos.<\/p>\n\n\n\n<p>Ello para exigir justicia por el asesinato de Timoteo Alejandro y Tleriberta Castro, ocurrido hace 13 a\u00f1os; tambi\u00e9n el retornos seguro e inmediato a localidades de Copala, Santiago Juxtlahuaca.<\/p>\n","protected":false},"excerpt":{"rendered":"<p>Ismael Garc\u00eda M.\/Zona Roja. Oaxaca de Ju\u00e1rez, Oax., a 22 de mayo de 2024.- Luego&hellip;<\/p>\n","protected":false},"author":2,"featured_media":55510,"comment_status":"closed","ping_status":"open","sticky":false,"template":"","format":"standard","meta":{"_lmt_disableupdate":"","_lmt_disable":"","_jetpack_memberships_contains_paid_content":false,"footnotes":""},"categories":[109,47],"tags":[2411,312],"class_list":["post-55508","post","type-post","status-publish","format-standard","has-post-thumbnail","hentry","category-minuto-a-minuto","category-zona-gris","tag-movimiento-de-unificacion-y-lucha-triqui-independiente-multi","tag-seccion-22-del-snte"],"jetpack_featured_media_url":"https:\/\/zonaroja.com.mx\/wp-content\/uploads\/2023\/05\/Marchas-MULTI-y-Seccion-22.jpg","jetpack_sharing_enabled":true,"_links":{"self":[{"href":"https:\/\/zonaroja.com.mx\/index.php?rest_route=\/wp\/v2\/posts\/55508","targetHints":{"allow":["GET"]}}],"collection":[{"href":"https:\/\/zonaroja.com.mx\/index.php?rest_route=\/wp\/v2\/posts"}],"about":[{"href":"https:\/\/zonaroja.com.mx\/index.php?rest_route=\/wp\/v2\/types\/post"}],"author":[{"embeddable":true,"href":"https:\/\/zonaroja.com.mx\/index.php?rest_route=\/wp\/v2\/users\/2"}],"replies":[{"embeddable":true,"href":"https:\/\/zonaroja.com.mx\/index.php?rest_route=%2Fwp%2Fv2%2Fcomments&post=55508"}],"version-history":[{"count":1,"href":"https:\/\/zonaroja.com.mx\/index.php?rest_route=\/wp\/v2\/posts\/55508\/revisions"}],"predecessor-version":[{"id":55511,"href":"https:\/\/zonaroja.com.mx\/index.php?rest_route=\/wp\/v2\/posts\/55508\/revisions\/55511"}],"wp:featuredmedia":[{"embeddable":true,"href":"https:\/\/zonaroja.com.mx\/index.php?rest_route=\/wp\/v2\/media\/55510"}],"wp:attachment":[{"href":"https:\/\/zonaroja.com.mx\/index.php?rest_route=%2Fwp%2Fv2%2Fmedia&parent=55508"}],"wp:term":[{"taxonomy":"category","embeddable":true,"href":"https:\/\/zonaroja.com.mx\/index.php?rest_route=%2Fwp%2Fv2%2Fcategories&post=55508"},{"taxonomy":"post_tag","embeddable":true,"href":"https:\/\/zonaroja.com.mx\/index.php?rest_route=%2Fwp%2Fv2%2Ftags&post=55508"}],"curies":[{"name":"wp","href":"https:\/\/api.w.org\/{rel}","templated":true}]}}