{"id":55512,"date":"2023-05-22T09:16:06","date_gmt":"2023-05-22T14:16:06","guid":{"rendered":"http:\/\/www.zonaroja.com.mx\/?p=55512"},"modified":"2023-05-22T09:16:10","modified_gmt":"2023-05-22T14:16:10","slug":"registra-oaxaca-12-asesinatos-en-fin-de-semana-seis-en-domingo","status":"publish","type":"post","link":"https:\/\/zonaroja.com.mx\/?p=55512","title":{"rendered":"Registra Oaxaca 12 asesinatos en fin de semana; seis en domingo"},"content":{"rendered":"\n<p>Ismael Garc\u00eda M.\/Zona Roja.<\/p>\n\n\n\n<p>Oaxaca de Ju\u00e1rez, Oax., a 22 de mayo de 2023.- Al menos 12 personas fueron asesinadas a balazos en Oaxaca durante el fin de semana, seis de ellas ayer domingo.<\/p>\n\n\n\n<p>De acuerdo con reportes policiacos, el m\u00e1s reciente hecho ocurri\u00f3 cerca de las 23:00 horas de ayer, en que sujetos armados acribillaron a ocupantes de un veh\u00edculo, en la Plaza Pabell\u00f3n, centro comercial m\u00e1s importante del municipio de Salina Cruz.<\/p>\n\n\n\n<p>La v\u00edctima fue identificada de manera preliminar como Juan Carlos B. R., de unos 42 a\u00f1os de edad, originario de la Ciudad de M\u00e9xico, con domicilio en Santo Domingo Tehuantepec y trabajador del \u00e1rea de Servicios Especiales de Petr\u00f3leos Mexicanos.<\/p>\n\n\n\n<p>No hay personas detenidas y en el lugar fue asegurado un veh\u00edculo marca Chevrolet, con placas de circulaci\u00f3n TML-7845 del estado de Oaxaca, al parecer propiedad de la persona ejecutada.<\/p>\n\n\n\n<p>Anoche se confirm\u00f3 tambi\u00e9n que fueron dos v\u00edctimas las ultimadas en el municipio de Huajuapan de Le\u00f3n, tras un probable enfrentamiento.&nbsp;<\/p>\n\n\n\n<p>El primero de ellos, Hersa\u00edn H. M., muri\u00f3 a causa de las balas en el exterior de un establecimiento comercial en la colonia Santa Isabel; el segundo, uno de los probables atacantes, logr\u00f3 huir en un veh\u00edculo pero fue hallado muerto en la colonia Salto del Agua del mismo municipio; a\u00fan no est\u00e1 identificado.<\/p>\n\n\n\n<p>Como se inform\u00f3, ayer por la ma\u00f1ana fueron ejecutadas tres personas, integrantes de una familia, en un local de venta de barbacoa en el centro del municipio de Pinotepa Nacional.<\/p>\n\n\n\n<p>Quienes perdieron la vida fueron identificados como Federico M. J., de 63 a\u00f1os de edad; los hermanos Diego M. C. y Sergio M. C., de 27 y 29 a\u00f1os; el herido, Luis Antonio \u201cN\u201d, de 15 a\u00f1os de edad.<\/p>\n\n\n\n<p>Tambi\u00e9n ayer domingo pero en Juchit\u00e1n de Zaragoza, autoridades policiacas localizaron un veh\u00edculo con placas del estado de Michoac\u00e1n, con varios impactos de arma de fuego, en la avenida Aldama de la Segunda Secci\u00f3n; no se hallaron v\u00edctimas en el sitio por lo que contin\u00faan las investigaciones.<\/p>\n\n\n\n<p>M\u00c1S SALDOS FATALES<\/p>\n\n\n\n<p>En Huautla de Jim\u00e9nez, la madrugada del s\u00e1bado fue ejecutado en su domicilio un individuo identificado con las iniciales I. A. M., de 42 a\u00f1os de edad.<\/p>\n\n\n\n<p>El viernes por la tarde, en Candelaria Loxicha fueron asesinadas a balazos dos personas; de manera preliminar se inform\u00f3 que se trata de Juan Pablo N. y Alan P. M., originarios y vecinos de dicha localidad.<\/p>\n\n\n\n<p>En San Jos\u00e9 Lachiguiri, Miahuatl\u00e1n, fue hallado muerto un joven, de unos 22 a\u00f1os de edad, conocido como \u00c9dgar \u201cN\u201d, que hab\u00eda sido reportado como desaparecido el pasado 12 de mayo.<\/p>\n\n\n\n<p>Tambi\u00e9n el viernes, en San Juan Cotzoc\u00f3n Mixe fue hallado sin vida, Jorge \u201cN\u201d, de 34 a\u00f1os de edad, con varios impactos de arma de fuego.<\/p>\n","protected":false},"excerpt":{"rendered":"<p>Ismael Garc\u00eda M.\/Zona Roja. Oaxaca de Ju\u00e1rez, Oax., a 22 de mayo de 2023.- Al&hellip;<\/p>\n","protected":false},"author":2,"featured_media":55509,"comment_status":"closed","ping_status":"open","sticky":false,"template":"","format":"standard","meta":{"_lmt_disableupdate":"","_lmt_disable":"","_jetpack_memberships_contains_paid_content":false,"footnotes":""},"categories":[109,51],"tags":[168],"class_list":["post-55512","post","type-post","status-publish","format-standard","has-post-thumbnail","hentry","category-minuto-a-minuto","category-zona-roja","tag-salina-cruz"],"jetpack_featured_media_url":"https:\/\/zonaroja.com.mx\/wp-content\/uploads\/2023\/05\/Ejecutado-Salina-Cruz-.jpg","jetpack_sharing_enabled":true,"_links":{"self":[{"href":"https:\/\/zonaroja.com.mx\/index.php?rest_route=\/wp\/v2\/posts\/55512","targetHints":{"allow":["GET"]}}],"collection":[{"href":"https:\/\/zonaroja.com.mx\/index.php?rest_route=\/wp\/v2\/posts"}],"about":[{"href":"https:\/\/zonaroja.com.mx\/index.php?rest_route=\/wp\/v2\/types\/post"}],"author":[{"embeddable":true,"href":"https:\/\/zonaroja.com.mx\/index.php?rest_route=\/wp\/v2\/users\/2"}],"replies":[{"embeddable":true,"href":"https:\/\/zonaroja.com.mx\/index.php?rest_route=%2Fwp%2Fv2%2Fcomments&post=55512"}],"version-history":[{"count":1,"href":"https:\/\/zonaroja.com.mx\/index.php?rest_route=\/wp\/v2\/posts\/55512\/revisions"}],"predecessor-version":[{"id":55513,"href":"https:\/\/zonaroja.com.mx\/index.php?rest_route=\/wp\/v2\/posts\/55512\/revisions\/55513"}],"wp:featuredmedia":[{"embeddable":true,"href":"https:\/\/zonaroja.com.mx\/index.php?rest_route=\/wp\/v2\/media\/55509"}],"wp:attachment":[{"href":"https:\/\/zonaroja.com.mx\/index.php?rest_route=%2Fwp%2Fv2%2Fmedia&parent=55512"}],"wp:term":[{"taxonomy":"category","embeddable":true,"href":"https:\/\/zonaroja.com.mx\/index.php?rest_route=%2Fwp%2Fv2%2Fcategories&post=55512"},{"taxonomy":"post_tag","embeddable":true,"href":"https:\/\/zonaroja.com.mx\/index.php?rest_route=%2Fwp%2Fv2%2Ftags&post=55512"}],"curies":[{"name":"wp","href":"https:\/\/api.w.org\/{rel}","templated":true}]}}