{"id":5552,"date":"2019-11-08T17:01:37","date_gmt":"2019-11-08T23:01:37","guid":{"rendered":"http:\/\/www.zonaroja.com.mx\/?p=5552"},"modified":"2019-11-08T17:01:40","modified_gmt":"2019-11-08T23:01:40","slug":"repudia-seccion-22-al-edil-de-mixtepec-freddy-gil-pineda-gopar","status":"publish","type":"post","link":"https:\/\/zonaroja.com.mx\/?p=5552","title":{"rendered":"Repudia Secci\u00f3n 22 al edil de Mixtepec, Freddy Gil Pineda Gopar"},"content":{"rendered":"\n<p>Evlin Arag\u00f3n\/Zona Roja.<\/p>\n\n\n\n<p>Oaxaca de Ju\u00e1rez, Oax., 8 de noviembre\nde 2019.- Integrantes de la Secci\u00f3n 22 del Sindicato Nacional de Trabajadores\nde la Educaci\u00f3n (SNTE), adscritos al sector Puerto Escondido, rechazaron al edil\nde San Pedro Mixtepec, Freddy Gil Pineda Gopar, y su invitaci\u00f3n para participar\nen un desfile conmemorativo.<\/p>\n\n\n\n<p>Lo anterior debido a que acusan a este\npersonaje de ser uno de los principales agresores del Movimiento Democr\u00e1tico de\nlos Trabajadores de la Educaci\u00f3n de Oaxaca (MDTEO), durante la administraci\u00f3n\npri\u00edsta de Ulises Ruiz Ortiz, as\u00ed como a lo largo de su carrera pol\u00edtica y en\nla funci\u00f3n p\u00fablica. <\/p>\n\n\n\n<p>\u201cFreddy Gil Pineda Gopar, conocido\ngolpeador de maestros, ha denostado en cada oportunidad al MDTEO, demostrando\nla barbarie y las atrocidades cometidas contra los miembros activos y jubilados\nde la Secci\u00f3n 22 que no deben ser olvidadas y mucho menos perdonadas\u201d,\nexpusieron en un comunicado.<\/p>\n\n\n\n<p>Recordaron que en el 2006, el ahora\nedil encabez\u00f3 las \u201ccaravanas de la muerte\u201d, mismas que promovieron la represi\u00f3n\nde quienes participaban en movimiento social y formaban parte de la Asamblea\nPopular de los Pueblos de Oaxaca (Appo); mientras que en el 2018, durante la\ncampa\u00f1a de Jos\u00e9 Antonio Meade a la Costa oaxaque\u00f1a, orden\u00f3 a su gente abrir\nfuego en contra docentes que se manifestaban. <\/p>\n\n\n\n<p>As\u00ed mismo, indicaron que Pineda Gopar\nse encuentra en la lista de traidores, represores y asesinos que atentan contra\nel movimiento magisterial, raz\u00f3n por la insistieron en su rechazo a participar\nen el desfile que convoca el edil que indicaron se caracteriza por la constante\npol\u00edtica sucia hacia sus estrategias de lucha.<\/p>\n\n\n\n<p>\u201cEl sector Puerto Escondido ratifica su\nposicionamiento pol\u00edtico, ni perd\u00f3n y&nbsp; ni\nolvid\u00f3, haciendo el exhorto fraterno a los trabajadores de la educaci\u00f3n de este\nsector a mantener la disciplina para NO ASISTIR Y NO PARTICIPAR&nbsp; en dicho evento porque representar\u00eda un acto\nde incongruencia y legitimaci\u00f3n a quien se ha dedicado a agredir a nuestros\ncompa\u00f1eros y compa\u00f1eras con hechos evidentes\u201d, cita el documento difundido por\nla gremial.<\/p>\n\n\n\n<p>En este sentido, recordaron que desde\nhace unos a\u00f1os el magisterio ha promovido acciones de resistencia civil,\npac\u00edfica y alternas a los actos oficiales que deber\u00e1n retomarse con el respaldo\nde madres, padres de familia y el estudiantado en general, para conmemorar una\nfecha de suma importancia para las y los mexicanos. <\/p>\n\n\n\n<p>\u201cDesde nuestras trincheras llamamos a\nmantener la resistencia como uno de los acuerdos de la Asamblea Estatal, m\u00e1ximo\n\u00f3rgano de orientaci\u00f3n y de direcci\u00f3n del MDTEO. \u00a1No al desfile de Fredy Gil!\n\u00a1Viva la resistencia y lucha de los maestros conscientes! \u00a1Fuera porros,\ncharros y traidores!\u201d, concluye el documento. <\/p>\n","protected":false},"excerpt":{"rendered":"<p>Evlin Arag\u00f3n\/Zona Roja. Oaxaca de Ju\u00e1rez, Oax., 8 de noviembre de 2019.- Integrantes de la&hellip;<\/p>\n","protected":false},"author":2,"featured_media":5547,"comment_status":"closed","ping_status":"open","sticky":false,"template":"","format":"standard","meta":{"_lmt_disableupdate":"","_lmt_disable":"","_jetpack_memberships_contains_paid_content":false,"footnotes":""},"categories":[109,47],"tags":[977],"class_list":["post-5552","post","type-post","status-publish","format-standard","has-post-thumbnail","hentry","category-minuto-a-minuto","category-zona-gris","tag-freddy-gil-pineda-gopar"],"jetpack_featured_media_url":"https:\/\/zonaroja.com.mx\/wp-content\/uploads\/2019\/11\/Image-1-43.png","jetpack_sharing_enabled":true,"_links":{"self":[{"href":"https:\/\/zonaroja.com.mx\/index.php?rest_route=\/wp\/v2\/posts\/5552","targetHints":{"allow":["GET"]}}],"collection":[{"href":"https:\/\/zonaroja.com.mx\/index.php?rest_route=\/wp\/v2\/posts"}],"about":[{"href":"https:\/\/zonaroja.com.mx\/index.php?rest_route=\/wp\/v2\/types\/post"}],"author":[{"embeddable":true,"href":"https:\/\/zonaroja.com.mx\/index.php?rest_route=\/wp\/v2\/users\/2"}],"replies":[{"embeddable":true,"href":"https:\/\/zonaroja.com.mx\/index.php?rest_route=%2Fwp%2Fv2%2Fcomments&post=5552"}],"version-history":[{"count":1,"href":"https:\/\/zonaroja.com.mx\/index.php?rest_route=\/wp\/v2\/posts\/5552\/revisions"}],"predecessor-version":[{"id":5553,"href":"https:\/\/zonaroja.com.mx\/index.php?rest_route=\/wp\/v2\/posts\/5552\/revisions\/5553"}],"wp:featuredmedia":[{"embeddable":true,"href":"https:\/\/zonaroja.com.mx\/index.php?rest_route=\/wp\/v2\/media\/5547"}],"wp:attachment":[{"href":"https:\/\/zonaroja.com.mx\/index.php?rest_route=%2Fwp%2Fv2%2Fmedia&parent=5552"}],"wp:term":[{"taxonomy":"category","embeddable":true,"href":"https:\/\/zonaroja.com.mx\/index.php?rest_route=%2Fwp%2Fv2%2Fcategories&post=5552"},{"taxonomy":"post_tag","embeddable":true,"href":"https:\/\/zonaroja.com.mx\/index.php?rest_route=%2Fwp%2Fv2%2Ftags&post=5552"}],"curies":[{"name":"wp","href":"https:\/\/api.w.org\/{rel}","templated":true}]}}