{"id":55521,"date":"2023-05-22T14:14:10","date_gmt":"2023-05-22T19:14:10","guid":{"rendered":"http:\/\/www.zonaroja.com.mx\/?p=55521"},"modified":"2023-05-22T14:14:21","modified_gmt":"2023-05-22T19:14:21","slug":"denuncian-engano-del-dif-de-oaxaca-sobre-acuerdos-padres-responden-con-bloqueos","status":"publish","type":"post","link":"https:\/\/zonaroja.com.mx\/?p=55521","title":{"rendered":"Denuncian enga\u00f1o del DIF de Oaxaca sobre acuerdos; padres responden con bloqueos"},"content":{"rendered":"\n<p>Yuridiana Sosa\/Zona Roja. <\/p>\n\n\n\n<p>Oaxaca de Ju\u00e1rez, Oax., a 22 de mayo de 2023.- Padres de familia del Centro Asistencial de Desarrollo Infantil (Cadi), n\u00famero 2, intensificaron hoy su protesta contra el Sistema Estatal para el Desarrollo Integral de la Familia (DIF) al negarles una copia de la minuta de acuerdos sobre el desistimiento de la instituci\u00f3n de realizar dos obras dentro de dicho plantel. <\/p>\n\n\n\n<p>Desde temprano, paterfamilias instalaron un bloqueo sobre avenida Perif\u00e9rico, en inmediaciones del Cadi, en la colonia Alem\u00e1n, para exigir a la autoridad estatal la entrega de la copia de los acuerdos firmados el pasado viernes, la cual se llev\u00f3 a cabo tras una primera manifestaci\u00f3n en rechazo a dos obras que eliminar\u00edan las \u00e1reas de seguridad y convivencia de los menores de edad.<\/p>\n\n\n\n<p>\u201cNo podemos confiar en su palabra, \u00bfPor qu\u00e9 no nos quieren entregar la minuta?\u201d, cuestionaron los tutores al considerar que el DIF pretende enga\u00f1arlos y despu\u00e9s, sin evidencia de los acuerdos, llevar a cabo la construcci\u00f3n del Comedor Popular para el Bienestar y el macro t\u00fanel para hortalizas.<\/p>\n\n\n\n<p>El DIF solo se excusa en decir que conf\u00eden en la instituci\u00f3n y en lo firmado, pero los padres y madres temen que no cumplan, pues dichas obras las iban a llevar a cabo sin el consenso de ellos, por lo que exigen evidencia de los acuerdos.<\/p>\n\n\n\n<p>De acuerdo con el Comit\u00e9 de Padres de Familia, personal del DIF inform\u00f3 que la orden de no entregar la copia fue directamente de la directora general del organismo, Maribel Graciela Salinas Velasco.<\/p>\n\n\n\n<p>La presidenta del Comit\u00e9, Jessica Cruz L\u00f3pez, detall\u00f3 que el pasado viernes el propio comit\u00e9 busc\u00f3 a la directora general en Palacio de Gobierno para concluir con la serie de firmas para dar formalidad a la minuta y a su regreso a las oficinas del DIF- CADI les recibieron el oficio original, pero les negaron las copias.&nbsp;<\/p>\n\n\n\n<p>\u201cExigimos espacios suficientes para el desarrollo de nuestros hijos\u201d, \u201cNo a los proyectos mal planeados\u201d, demandaron madres y padres de familia en las cartulinas que exhibieron en su bloqueo.<\/p>\n\n\n\n<figure class=\"wp-block-embed\"><div class=\"wp-block-embed__wrapper\">\n<div class=\"twitter-tweet\"><blockquote class=\"twitter-tweet\" data-lang=\"es\"><p lang=\"es\" dir=\"ltr\"><a href=\"https:\/\/twitter.com\/hashtag\/ENVIVO?src=hash&amp;ref_src=twsrc%5Etfw\">#ENVIVO<\/a><br>Oaxaca de Ju\u00e1rez, Oax., a 22 de mayo de 2023.- Padres de familia con hijos en el CADI dependiente del <a href=\"https:\/\/twitter.com\/DIF_Oaxaca?ref_src=twsrc%5Etfw\">@DIF_Oaxaca<\/a>, bloquean el Perif\u00e9rico de la capital; acusan enga\u00f1os de la directora general e incumplimiento para formar la minuta acordada el viernes. <br>\ud83d\udc47\u2026 <a href=\"https:\/\/t.co\/fAYxF9SZCr\">pic.twitter.com\/fAYxF9SZCr<\/a><\/p>&mdash; Zona Roja Oaxaca (@ZonaRoja_Oaxaca) <a href=\"https:\/\/twitter.com\/ZonaRoja_Oaxaca\/status\/1660672827404451841?ref_src=twsrc%5Etfw\">22 de mayo de 2023<\/a><\/blockquote><\/div>\n<\/div><\/figure>\n\n\n\n<p>Por otra parte, el cierre de la vialidad provoc\u00f3&nbsp;graves da\u00f1os al tr\u00e1nsito&nbsp;vehicular e incluso puso en riesgo la integridad de los participantes en la protesta ante las peligrosas maniobras que realizaron camiones de carga pesada a pocos metros de la l\u00ednea de cierre.<\/p>\n\n\n\n<p>VERSI\u00d3N OFICIAL<\/p>\n\n\n\n<p>El Gobierno del Estado reconoci\u00f3 la existencia de planes para llevar a cabo los proyectos de Comedor Popular para el Bienestar y el macro t\u00fanel para hortalizas, pero neg\u00f3 que el retiro de los juegos infantiles del Cadi 2 sean por dicho motivo y obedezca a la responde a la realizaci\u00f3n del dictamen estructural del edificio.<\/p>\n\n\n\n<p>El Sistema para el Desarrollo Integral de la Familia (DIF) Oaxaca explic\u00f3 que los proyectos en los que trabaja ser\u00e1n presentados ante el Sistema Nacional DIF (SNDIF) y se analiza la viabilidad para su aplicaci\u00f3n en alguno de los espacios dependientes del organismo.<\/p>\n\n\n\n<p>De acuerdo con el DIF, se inform\u00f3 a los padres en la reuni\u00f3n del 17 de mayo sobre \u201cla posible implementaci\u00f3n de ambas propuestas de proyectos en \u00e1reas comunes de este espacio forma parte de la socializaci\u00f3n de los mismos\u201d.<\/p>\n","protected":false},"excerpt":{"rendered":"<p>Yuridiana Sosa\/Zona Roja. Oaxaca de Ju\u00e1rez, Oax., a 22 de mayo de 2023.- Padres de&hellip;<\/p>\n","protected":false},"author":2,"featured_media":55520,"comment_status":"closed","ping_status":"open","sticky":false,"template":"","format":"standard","meta":{"_lmt_disableupdate":"","_lmt_disable":"","_jetpack_memberships_contains_paid_content":false,"footnotes":""},"categories":[109,47],"tags":[],"class_list":["post-55521","post","type-post","status-publish","format-standard","has-post-thumbnail","hentry","category-minuto-a-minuto","category-zona-gris"],"jetpack_featured_media_url":"https:\/\/zonaroja.com.mx\/wp-content\/uploads\/2023\/05\/892b23b2-5695-4c99-8492-21921431ef76.jpg","jetpack_sharing_enabled":true,"_links":{"self":[{"href":"https:\/\/zonaroja.com.mx\/index.php?rest_route=\/wp\/v2\/posts\/55521","targetHints":{"allow":["GET"]}}],"collection":[{"href":"https:\/\/zonaroja.com.mx\/index.php?rest_route=\/wp\/v2\/posts"}],"about":[{"href":"https:\/\/zonaroja.com.mx\/index.php?rest_route=\/wp\/v2\/types\/post"}],"author":[{"embeddable":true,"href":"https:\/\/zonaroja.com.mx\/index.php?rest_route=\/wp\/v2\/users\/2"}],"replies":[{"embeddable":true,"href":"https:\/\/zonaroja.com.mx\/index.php?rest_route=%2Fwp%2Fv2%2Fcomments&post=55521"}],"version-history":[{"count":1,"href":"https:\/\/zonaroja.com.mx\/index.php?rest_route=\/wp\/v2\/posts\/55521\/revisions"}],"predecessor-version":[{"id":55522,"href":"https:\/\/zonaroja.com.mx\/index.php?rest_route=\/wp\/v2\/posts\/55521\/revisions\/55522"}],"wp:featuredmedia":[{"embeddable":true,"href":"https:\/\/zonaroja.com.mx\/index.php?rest_route=\/wp\/v2\/media\/55520"}],"wp:attachment":[{"href":"https:\/\/zonaroja.com.mx\/index.php?rest_route=%2Fwp%2Fv2%2Fmedia&parent=55521"}],"wp:term":[{"taxonomy":"category","embeddable":true,"href":"https:\/\/zonaroja.com.mx\/index.php?rest_route=%2Fwp%2Fv2%2Fcategories&post=55521"},{"taxonomy":"post_tag","embeddable":true,"href":"https:\/\/zonaroja.com.mx\/index.php?rest_route=%2Fwp%2Fv2%2Ftags&post=55521"}],"curies":[{"name":"wp","href":"https:\/\/api.w.org\/{rel}","templated":true}]}}