{"id":55526,"date":"2023-05-22T19:07:26","date_gmt":"2023-05-23T00:07:26","guid":{"rendered":"http:\/\/www.zonaroja.com.mx\/?p=55526"},"modified":"2023-05-22T19:07:30","modified_gmt":"2023-05-23T00:07:30","slug":"otro-escandalo-en-gobierno-de-jara-elemento-armado-de-pabic-golpea-a-ciudadano","status":"publish","type":"post","link":"https:\/\/zonaroja.com.mx\/?p=55526","title":{"rendered":"Otro esc\u00e1ndalo en gobierno de Jara: elemento armado de PABIC golpea a ciudadano"},"content":{"rendered":"\n<p>Ismael Garc\u00eda M.\/Zona Roja.<\/p>\n\n\n\n<p>Oaxaca de Ju\u00e1rez, Oax., a 22 de mayo de 2023.- Otro esc\u00e1ndalo en el gobierno de Salom\u00f3n Jara Cruz por parte de servidores p\u00fablicos.<\/p>\n\n\n\n<p>Ahora fueron tres integrantes de la Polic\u00eda Auxiliar, Bancaria, Industrial y de Servicios (PABIC), armados, quienes golpearon a un ciudadano en pleno Centro Hist\u00f3rico.<\/p>\n\n\n\n<p>De manera inicial se inform\u00f3 que eran escoltas del director de la corporaci\u00f3n, Alejandro Tejada Morales, sobre quien pesan denuncias de represi\u00f3n durante el 2006, por parte de la Secci\u00f3n 22 del SNTE, y quien ha pedido su renuncia.<\/p>\n\n\n\n<p>La v\u00edctima, quien se neg\u00f3 a rebelar su nombre, narr\u00f3 que era perseguido por los polic\u00edas vestidos de civil, tras un presunto incidente vial, y fue alcanzado en la calle de Garc\u00eda Vigil casi esquina con Allende, a unas cuadro cuadras del z\u00f3calo.<\/p>\n\n\n\n<p>Ah\u00ed le propinaron una golpiza mientras transe\u00fantes y ciudadanos llamaron a los polic\u00edas, que ahora s\u00ed llegaron a tiempo, para detener a los probables delincuentes.<\/p>\n\n\n\n<p>Uno de ellos mostr\u00f3 una identificaci\u00f3n de la PABIC e intent\u00f3 impedir su detenci\u00f3n; no obstante, los uniformados de Oaxaca de Ju\u00e1rez detuvieron a los tres, dos de ellos trasladados en una patrulla y el otro en el coche en que viajaban.<\/p>\n\n\n\n<p>Horas m\u00e1s tarde, el Gobierno del Estado emiti\u00f3 una tarjeta informativa, en que precis\u00f3 que s\u00f3lo uno es elemento de la PABIC, no es escolta y est\u00e1 asignado a la vigilancia de una empresa; los otros dos son guardias de seguridad privada.<\/p>\n\n\n\n<p>Inform\u00f3 que esperar\u00e1 el resultado de las investigaciones \u201cpara determinar lo que corresponde\u201d.<\/p>\n\n\n\n<figure class=\"wp-block-embed is-type-rich is-provider-twitter wp-block-embed-twitter\"><div class=\"wp-block-embed__wrapper\">\n<div class=\"twitter-tweet\"><blockquote class=\"twitter-tweet\" data-lang=\"es\"><p lang=\"es\" dir=\"ltr\"><a href=\"https:\/\/twitter.com\/hashtag\/%C3%9AltimoMinuto?src=hash&amp;ref_src=twsrc%5Etfw\">#\u00daltimoMinuto<\/a><br>Tres elementos de la <a href=\"https:\/\/twitter.com\/PABIC_GobOax?ref_src=twsrc%5Etfw\">@PABIC_GobOax<\/a>, presuntos escoltas del director <a href=\"https:\/\/twitter.com\/tejada_m01?ref_src=twsrc%5Etfw\">@tejada_m01<\/a>, golpearon a un ciudadano en la calle Garc\u00eda Vigil, a unas cuadras del z\u00f3calo de la ciudad de <a href=\"https:\/\/twitter.com\/hashtag\/Oaxaca?src=hash&amp;ref_src=twsrc%5Etfw\">#Oaxaca<\/a>. <br>Fueron detenidos por polic\u00edas municipales, desarmados y trasladados al cuartel. <a href=\"https:\/\/t.co\/lYofRg0qCx\">pic.twitter.com\/lYofRg0qCx<\/a><\/p>&mdash; Zona Roja Oaxaca (@ZonaRoja_Oaxaca) <a href=\"https:\/\/twitter.com\/ZonaRoja_Oaxaca\/status\/1660703841317277697?ref_src=twsrc%5Etfw\">22 de mayo de 2023<\/a><\/blockquote><\/div>\n<\/div><\/figure>\n","protected":false},"excerpt":{"rendered":"<p>Ismael Garc\u00eda M.\/Zona Roja. Oaxaca de Ju\u00e1rez, Oax., a 22 de mayo de 2023.- Otro&hellip;<\/p>\n","protected":false},"author":2,"featured_media":55527,"comment_status":"closed","ping_status":"open","sticky":false,"template":"","format":"standard","meta":{"_lmt_disableupdate":"","_lmt_disable":"","_jetpack_memberships_contains_paid_content":false,"footnotes":""},"categories":[109,47],"tags":[934],"class_list":["post-55526","post","type-post","status-publish","format-standard","has-post-thumbnail","hentry","category-minuto-a-minuto","category-zona-gris","tag-policia-auxiliar-bancaria-pabic"],"jetpack_featured_media_url":"https:\/\/zonaroja.com.mx\/wp-content\/uploads\/2023\/05\/Elementos-PABIC-detenidos-Oaxaca.jpg","jetpack_sharing_enabled":true,"_links":{"self":[{"href":"https:\/\/zonaroja.com.mx\/index.php?rest_route=\/wp\/v2\/posts\/55526","targetHints":{"allow":["GET"]}}],"collection":[{"href":"https:\/\/zonaroja.com.mx\/index.php?rest_route=\/wp\/v2\/posts"}],"about":[{"href":"https:\/\/zonaroja.com.mx\/index.php?rest_route=\/wp\/v2\/types\/post"}],"author":[{"embeddable":true,"href":"https:\/\/zonaroja.com.mx\/index.php?rest_route=\/wp\/v2\/users\/2"}],"replies":[{"embeddable":true,"href":"https:\/\/zonaroja.com.mx\/index.php?rest_route=%2Fwp%2Fv2%2Fcomments&post=55526"}],"version-history":[{"count":1,"href":"https:\/\/zonaroja.com.mx\/index.php?rest_route=\/wp\/v2\/posts\/55526\/revisions"}],"predecessor-version":[{"id":55528,"href":"https:\/\/zonaroja.com.mx\/index.php?rest_route=\/wp\/v2\/posts\/55526\/revisions\/55528"}],"wp:featuredmedia":[{"embeddable":true,"href":"https:\/\/zonaroja.com.mx\/index.php?rest_route=\/wp\/v2\/media\/55527"}],"wp:attachment":[{"href":"https:\/\/zonaroja.com.mx\/index.php?rest_route=%2Fwp%2Fv2%2Fmedia&parent=55526"}],"wp:term":[{"taxonomy":"category","embeddable":true,"href":"https:\/\/zonaroja.com.mx\/index.php?rest_route=%2Fwp%2Fv2%2Fcategories&post=55526"},{"taxonomy":"post_tag","embeddable":true,"href":"https:\/\/zonaroja.com.mx\/index.php?rest_route=%2Fwp%2Fv2%2Ftags&post=55526"}],"curies":[{"name":"wp","href":"https:\/\/api.w.org\/{rel}","templated":true}]}}