{"id":55539,"date":"2023-05-22T21:52:45","date_gmt":"2023-05-23T02:52:45","guid":{"rendered":"http:\/\/www.zonaroja.com.mx\/?p=55539"},"modified":"2023-05-22T21:52:49","modified_gmt":"2023-05-23T02:52:49","slug":"fiestas-tradicionales-de-xoxocotlan-culminan-con-saldo-blanco-y-en-ambiente-de-alegria","status":"publish","type":"post","link":"https:\/\/zonaroja.com.mx\/?p=55539","title":{"rendered":"Fiestas tradicionales de Xoxocotl\u00e1n culminan con saldo blanco y en ambiente de alegr\u00eda"},"content":{"rendered":"\n<p>Redacci\u00f3n\/Zona Roja.<\/p>\n\n\n\n<p>Oaxaca de Ju\u00e1rez, Oax., a 22 de mayo de 2023.- Con saldo blanco y la participaci\u00f3n de poco m\u00e1s de 30 mil personas concluy\u00f3 la semana de festividades en honor al Se\u00f1or de la Ascensi\u00f3n en Santa Cruz Xoxocotl\u00e1n, en la que la autoridad municipal encabezada por el presidente Inocente Castellanos Alejos, fungi\u00f3 como responsable de la fiesta anual de mayor relevancia para la poblaci\u00f3n cat\u00f3lica.<\/p>\n\n\n\n<p>\u201cNo se trata solo de una fiesta, sino del empuje que se da al municipio a partir de nuestras tradiciones\u201d, afirm\u00f3 el doctor \u201cChente\u201d Castellanos, al agradecer la presencia de los participantes en las actividades de este domingo, al tiempo en que ratific\u00f3 su inter\u00e9s de proyectar a Xoxo para que se convierta en referente tur\u00edstico.<\/p>\n\n\n\n<p>\u201cXoxocotl\u00e1n cuenta con un importante cuadro costumbrista que merece ser conocido por el mundo, su inmensa riqueza tradicional, cultural, gastron\u00f3mica y la enorme voluntad hospitalaria de su gente debe impulsarse, por lo que ya estamos planeando y gestionando actividades que promuevan como destino tur\u00edstico a Xoxo\u201d, puntualiz\u00f3.<\/p>\n\n\n\n<figure class=\"wp-block-embed is-type-rich is-provider-twitter wp-block-embed-twitter\"><div class=\"wp-block-embed__wrapper\">\n<div class=\"twitter-tweet\"><blockquote class=\"twitter-tweet\" data-lang=\"es\"><p lang=\"es\" dir=\"ltr\">En <a href=\"https:\/\/twitter.com\/hashtag\/XoxoTierraDeTradiciones?src=hash&amp;ref_src=twsrc%5Etfw\">#XoxoTierraDeTradiciones<\/a>, vivimos magia, color, m\u00fasica, diversi\u00f3n y unidad durante las festividades en honor al Se\u00f1or de la Ascensi\u00f3n. Gracias a todos los asistentes por ayudarnos a conservarlas  \ud83c\udf89 \ud83c\udf86 <a href=\"https:\/\/t.co\/14Qg8YeUcY\">pic.twitter.com\/14Qg8YeUcY<\/a><\/p>&mdash; Dr. Chente Castellanos (@DrCCastellanos) <a href=\"https:\/\/twitter.com\/DrCCastellanos\/status\/1660824745221160962?ref_src=twsrc%5Etfw\">23 de mayo de 2023<\/a><\/blockquote><\/div>\n<\/div><\/figure>\n\n\n\n<p>OPERATIVO EXITOSO<\/p>\n\n\n\n<p>De acuerdo al reporte emitido por la Comisi\u00f3n de Seguridad P\u00fablica, Vialidad y Protecci\u00f3n Ciudadana, el resultado del operativo implementado durante la semana de festividades, result\u00f3 con saldo blanco, en \u00e9l se desplegaron 210 efectivos de la localidad y se recibi\u00f3 el apoyo de la Polic\u00eda Estatal y a la Guardia Nacional.<\/p>\n\n\n\n<p>Al respecto, el mun\u00edcipe, agradeci\u00f3 a las y los xoxe\u00f1os por su disposici\u00f3n para que esta fiesta resultara todo un \u00e9xito y su contribuci\u00f3n para mantener el orden y respeto.<\/p>\n\n\n\n<p>Para finalizar las actividades festivas del Se\u00f1or de la Ascensi\u00f3n, al salir el sol, las y los pobladores se dieron cita en la parroquia de Santa Elena de la Cruz y se unieron a las ma\u00f1anitas ofrecidas por el edil \u201cChente\u201d Castellanos, su familia, regidores y funcionarios municipales.<\/p>\n\n\n\n<p>Luego de la misa correspondiente, autoridades y ciudadanos compartieron el pan y la sal; posteriormente las bandas filarm\u00f3nicas de esta poblaci\u00f3n, Santo Tom\u00e1s Jalieza y San Andr\u00e9s Huay\u00e1pam, sostuvieron un encuentro en el que interpretaron melod\u00edas contempor\u00e1neas y, bajo la direcci\u00f3n del maestro Camerino L\u00f3pez Manzano, las tres filarm\u00f3nicas cimbraron el parque central de Xoxo, con el himno de los oaxaque\u00f1os: el \u201cDios Nunca Muere\u201d.<\/p>\n\n\n\n<p>El gran cierre estuvo a cargo del grupo musical \u201cEl Poder del Norte\u201d, que ameniz\u00f3 el jaripeo baile junto con las bandas locales \u201cLos Magueyitos\u201d y \u201cLa Original Hechicera\u201d.<\/p>\n","protected":false},"excerpt":{"rendered":"<p>Redacci\u00f3n\/Zona Roja. Oaxaca de Ju\u00e1rez, Oax., a 22 de mayo de 2023.- Con saldo blanco&hellip;<\/p>\n","protected":false},"author":2,"featured_media":55540,"comment_status":"closed","ping_status":"open","sticky":false,"template":"","format":"standard","meta":{"_lmt_disableupdate":"","_lmt_disable":"","_jetpack_memberships_contains_paid_content":false,"footnotes":""},"categories":[109,46],"tags":[133],"class_list":["post-55539","post","type-post","status-publish","format-standard","has-post-thumbnail","hentry","category-minuto-a-minuto","category-zona-blanca","tag-santa-cruz-xoxocotlan"],"jetpack_featured_media_url":"https:\/\/zonaroja.com.mx\/wp-content\/uploads\/2023\/05\/Fiestas-Xoxocotlan-Inocente-Castellanos.jpg","jetpack_sharing_enabled":true,"_links":{"self":[{"href":"https:\/\/zonaroja.com.mx\/index.php?rest_route=\/wp\/v2\/posts\/55539","targetHints":{"allow":["GET"]}}],"collection":[{"href":"https:\/\/zonaroja.com.mx\/index.php?rest_route=\/wp\/v2\/posts"}],"about":[{"href":"https:\/\/zonaroja.com.mx\/index.php?rest_route=\/wp\/v2\/types\/post"}],"author":[{"embeddable":true,"href":"https:\/\/zonaroja.com.mx\/index.php?rest_route=\/wp\/v2\/users\/2"}],"replies":[{"embeddable":true,"href":"https:\/\/zonaroja.com.mx\/index.php?rest_route=%2Fwp%2Fv2%2Fcomments&post=55539"}],"version-history":[{"count":1,"href":"https:\/\/zonaroja.com.mx\/index.php?rest_route=\/wp\/v2\/posts\/55539\/revisions"}],"predecessor-version":[{"id":55541,"href":"https:\/\/zonaroja.com.mx\/index.php?rest_route=\/wp\/v2\/posts\/55539\/revisions\/55541"}],"wp:featuredmedia":[{"embeddable":true,"href":"https:\/\/zonaroja.com.mx\/index.php?rest_route=\/wp\/v2\/media\/55540"}],"wp:attachment":[{"href":"https:\/\/zonaroja.com.mx\/index.php?rest_route=%2Fwp%2Fv2%2Fmedia&parent=55539"}],"wp:term":[{"taxonomy":"category","embeddable":true,"href":"https:\/\/zonaroja.com.mx\/index.php?rest_route=%2Fwp%2Fv2%2Fcategories&post=55539"},{"taxonomy":"post_tag","embeddable":true,"href":"https:\/\/zonaroja.com.mx\/index.php?rest_route=%2Fwp%2Fv2%2Ftags&post=55539"}],"curies":[{"name":"wp","href":"https:\/\/api.w.org\/{rel}","templated":true}]}}