{"id":5554,"date":"2019-11-08T17:49:48","date_gmt":"2019-11-08T23:49:48","guid":{"rendered":"http:\/\/www.zonaroja.com.mx\/?p=5554"},"modified":"2019-11-08T18:12:04","modified_gmt":"2019-11-09T00:12:04","slug":"oaxaca-lo-tiene-todo-ola-de-asaltos-a-balazos-hasta-en-el-centro-historico","status":"publish","type":"post","link":"https:\/\/zonaroja.com.mx\/?p=5554","title":{"rendered":"Oaxaca lo tiene todo: ola de asaltos a balazos hasta en el Centro Hist\u00f3rico"},"content":{"rendered":"\n<p>Ismael Garc\u00eda M.\/Zona Roja.<\/p>\n\n\n\n<p>Oaxaca de Ju\u00e1rez, Oax., 8 de noviembre\nde 2019.- Oaxaca lo tiene todo y hasta hechos de violencia para mostrar a los\nturistas. Un cami\u00f3n de transporte de paseantes se para por unos momentos en la\nesquina de Garc\u00eda Vigil con Matamoros, Centro Hist\u00f3rico de la capital.<\/p>\n\n\n\n<p>Los visitantes que a\u00fan permanecen tras\nlas festividades del D\u00eda de Muertos, se levantan de sus asientos en la parte\nalta de la unidad, agitan las manos, gorras y sobreros, observan con\ncuriosidad, tras lo cual el viaje prosigue.<\/p>\n\n\n\n<p>Sin saberlo con exactitud, presenciaron la fuerte movilizaci\u00f3n policiaca en ese sitio, donde aproximadamente a las 13:30 horas, dos sujetos armados a bordo de una motocicleta, asaltaron a los ocupantes de un veh\u00edculo de motor.<\/p>\n\n\n\n<figure class=\"wp-block-embed-twitter wp-block-embed is-type-rich is-provider-twitter\"><div class=\"wp-block-embed__wrapper\">\n<div class=\"twitter-tweet\"><blockquote class=\"twitter-tweet\" data-lang=\"es\"><p lang=\"es\" dir=\"ltr\"><a href=\"https:\/\/twitter.com\/hashtag\/OaxacaRojo?src=hash&amp;ref_src=twsrc%5Etfw\">#OaxacaRojo<\/a><a href=\"https:\/\/twitter.com\/hashtag\/OaxacaLoTieneTodo?src=hash&amp;ref_src=twsrc%5Etfw\">#OaxacaLoTieneTodo<\/a><br>A una semana del Tercer Informe de Gobierno, asaltan a una mujer en la calle Garc\u00eda Vigil, Centro Hist\u00f3rico de la ciudad capital, a dos cuadras de la Alameda de Le\u00f3n; sujetos armados la balean y le arrebatan su bolso, con aproximadamente $90 mil. <a href=\"https:\/\/t.co\/KrzLtVAQF2\">pic.twitter.com\/KrzLtVAQF2<\/a><\/p>&mdash; Zona Roja Oaxaca (@MexRoja) <a href=\"https:\/\/twitter.com\/MexRoja\/status\/1192904008391888896?ref_src=twsrc%5Etfw\">8 de noviembre de 2019<\/a><\/blockquote><\/div>\n<\/div><\/figure>\n\n\n\n<p>A Marcela Velasco Sandoval, de 41 a\u00f1os de edad, le arrebataron con violencia su bolso, donde tra\u00eda 90 mil pesos que reci\u00e9n hab\u00eda retirado de la sucursal de Banorte ubicada a unos pasos de la Alameda de Le\u00f3n.<\/p>\n\n\n\n<p>Apenas pretend\u00eda subirse al veh\u00edculo,\ntipo Aveo, marca Chevrolet, con placas de circulaci\u00f3n TKX-7053, cuando fue\nasaltada y agredida con un balazo en la pierna; la mujer, trabajadora del\nRegistro Civil del Gobierno del Estado, fue trasladada posteriormente en una\nambulancia, para la atenci\u00f3n m\u00e9dica.<\/p>\n\n\n\n<p>No obstante, hasta el momento no hay pistas de los dos probables delincuentes, pese a que personal de los negocios cercanos proporcionaron videos de c\u00e1maras de seguridad, donde se aprecian a los dos tipos que viajaban en una moto.<\/p>\n\n\n\n<p>Tambi\u00e9n en la capital pero en el Infonavit Primera Etapa, el chofer de un cami\u00f3n de transporte de pasajeros de la l\u00ednea Sertexa, con n\u00famero econ\u00f3mico SX-033, fue asaltado y amarrado en el interior de la unidad; le quitaron la cuenta del d\u00eda, alrededor de mil 700 pesos.<\/p>\n\n\n\n<figure class=\"wp-block-image\"><img decoding=\"async\" width=\"1024\" height=\"768\" src=\"http:\/\/www.zonaroja.com.mx\/wp-content\/uploads\/2019\/11\/Asalto-Centro-Oaxaca-2-1024x768.jpg\" alt=\"\" class=\"wp-image-5555\" srcset=\"https:\/\/zonaroja.com.mx\/wp-content\/uploads\/2019\/11\/Asalto-Centro-Oaxaca-2-1024x768.jpg 1024w, https:\/\/zonaroja.com.mx\/wp-content\/uploads\/2019\/11\/Asalto-Centro-Oaxaca-2-300x225.jpg 300w, https:\/\/zonaroja.com.mx\/wp-content\/uploads\/2019\/11\/Asalto-Centro-Oaxaca-2-768x576.jpg 768w, https:\/\/zonaroja.com.mx\/wp-content\/uploads\/2019\/11\/Asalto-Centro-Oaxaca-2-1170x878.jpg 1170w, https:\/\/zonaroja.com.mx\/wp-content\/uploads\/2019\/11\/Asalto-Centro-Oaxaca-2-585x439.jpg 585w, https:\/\/zonaroja.com.mx\/wp-content\/uploads\/2019\/11\/Asalto-Centro-Oaxaca-2.jpg 1280w\" sizes=\"(max-width: 1024px) 100vw, 1024px\" \/><\/figure>\n\n\n\n<p>M\u00c1S INSEGURIDAD<\/p>\n\n\n\n<p>Pero tambi\u00e9n en el Istmo de Tehuantepec y a una semana de que el gobernador Alejandro Murat rinda su Tercer Informe, la ola delictiva est\u00e1 imparable. En Juchit\u00e1n de Zaragoza la ma\u00f1ana de hoy fue asaltado un individuo cuando sal\u00eda de una sucursal de Banamex, en la calle 5 de Septiembre esquina con Efra\u00edn R. G\u00f3mez.<\/p>\n\n\n\n<p>Casi con el mismo modo de operaci\u00f3n,\ndos tipos a bordo de una motocicleta lo amagaron y le arrebataron la bolsa con\ndinero, tras lo cual se dieron a la fuga.<\/p>\n\n\n\n<p>Mientras tanto\ntambi\u00e9n en Salina Cruz, alrededor de las16:00 horasfue asltada una sucursal de\nla empresa Megacable, ubicada en la avenida Oleoducto de la colonia Porfirio\nD\u00edaz.<\/p>\n\n\n\n<p>Dos sujetos\ningresaron como clientes y tras ello amagaron a la cajera, a quien despojaron\nde m\u00e1s de cinco mil pesos y tras ello huyeron con rumbo desconocido.<\/p>\n\n\n\n<p>Mientras que\nen San Juan Bautista Tuxtepec Tuxtepec, fue asaltada una tortiller\u00eda de nombre \u201cMartita\u201d,\nubicada en la calle Francisco Villa esquina con Bonfil.<\/p>\n\n\n\n<p>Igualmente, al menos dos hombres\narmados ingresaron al establecimiento, amagaron a los empleados y los\ndespojaron de dinero y otros art\u00edculos, como tel\u00e9fonos celulares; luego, de\nmanera tranquila se retiraron del lugar. En todos los casos hasta el momento no\nhay personas detenidas.<\/p>\n","protected":false},"excerpt":{"rendered":"<p>Ismael Garc\u00eda M.\/Zona Roja. Oaxaca de Ju\u00e1rez, Oax., 8 de noviembre de 2019.- Oaxaca lo&hellip;<\/p>\n","protected":false},"author":2,"featured_media":5556,"comment_status":"closed","ping_status":"open","sticky":false,"template":"","format":"standard","meta":{"_lmt_disableupdate":"","_lmt_disable":"","_jetpack_memberships_contains_paid_content":false,"footnotes":""},"categories":[109,51],"tags":[148],"class_list":["post-5554","post","type-post","status-publish","format-standard","has-post-thumbnail","hentry","category-minuto-a-minuto","category-zona-roja","tag-oaxaca-de-juarez"],"jetpack_featured_media_url":"https:\/\/zonaroja.com.mx\/wp-content\/uploads\/2019\/11\/Asalto-Centro-Oaxaca-1.jpg","jetpack_sharing_enabled":true,"_links":{"self":[{"href":"https:\/\/zonaroja.com.mx\/index.php?rest_route=\/wp\/v2\/posts\/5554","targetHints":{"allow":["GET"]}}],"collection":[{"href":"https:\/\/zonaroja.com.mx\/index.php?rest_route=\/wp\/v2\/posts"}],"about":[{"href":"https:\/\/zonaroja.com.mx\/index.php?rest_route=\/wp\/v2\/types\/post"}],"author":[{"embeddable":true,"href":"https:\/\/zonaroja.com.mx\/index.php?rest_route=\/wp\/v2\/users\/2"}],"replies":[{"embeddable":true,"href":"https:\/\/zonaroja.com.mx\/index.php?rest_route=%2Fwp%2Fv2%2Fcomments&post=5554"}],"version-history":[{"count":2,"href":"https:\/\/zonaroja.com.mx\/index.php?rest_route=\/wp\/v2\/posts\/5554\/revisions"}],"predecessor-version":[{"id":5558,"href":"https:\/\/zonaroja.com.mx\/index.php?rest_route=\/wp\/v2\/posts\/5554\/revisions\/5558"}],"wp:featuredmedia":[{"embeddable":true,"href":"https:\/\/zonaroja.com.mx\/index.php?rest_route=\/wp\/v2\/media\/5556"}],"wp:attachment":[{"href":"https:\/\/zonaroja.com.mx\/index.php?rest_route=%2Fwp%2Fv2%2Fmedia&parent=5554"}],"wp:term":[{"taxonomy":"category","embeddable":true,"href":"https:\/\/zonaroja.com.mx\/index.php?rest_route=%2Fwp%2Fv2%2Fcategories&post=5554"},{"taxonomy":"post_tag","embeddable":true,"href":"https:\/\/zonaroja.com.mx\/index.php?rest_route=%2Fwp%2Fv2%2Ftags&post=5554"}],"curies":[{"name":"wp","href":"https:\/\/api.w.org\/{rel}","templated":true}]}}