{"id":55542,"date":"2023-05-22T22:46:40","date_gmt":"2023-05-23T03:46:40","guid":{"rendered":"http:\/\/www.zonaroja.com.mx\/?p=55542"},"modified":"2023-05-22T22:46:43","modified_gmt":"2023-05-23T03:46:43","slug":"minimos-acuerdos-seccion-22-gobierno-preven-paro-indefinido-de-labores","status":"publish","type":"post","link":"https:\/\/zonaroja.com.mx\/?p=55542","title":{"rendered":"M\u00ednimos acuerdos Secci\u00f3n 22-gobierno; prev\u00e9n paro indefinido de labores"},"content":{"rendered":"\n<p>Yuridiana Sosa\/Zona Roja.<\/p>\n\n\n\n<p>Oaxaca de Ju\u00e1rez, Oax., a 22 de mayo de 2023.- Con m\u00ednimos avances concluy\u00f3 la mesa de negociaci\u00f3n entre el gobierno de Oaxaca y la Comisi\u00f3n Pol\u00edtica de la Secci\u00f3n 22 del SNTE, que esta noche analiza en Asamblea Estatal las propuestas.<\/p>\n\n\n\n<p>La gremial prev\u00e9 arreciar sus protestas ma\u00f1ana martes, con la \u201ctoma\u201d de oficinas p\u00fablicas y el bloqueo a vialidades de la capital, adem\u00e1s de continuar con su \u201cplant\u00f3n\u201d en calles del Centro Hist\u00f3rico y que abarca al menos 10 cuadras, incluyendo el z\u00f3calo y la Alameda.<\/p>\n\n\n\n<p>Como parte de su jornada de movilizaciones en busca de satisfacer su pliego de demandadas presentadas el 1 de mayo al gobierno de Salom\u00f3n Jara Cruz, la gremial instal\u00f3 este lunes un \u201cparo\u201d de labores de 48 horas y un \u201cplant\u00f3n\u201d en el centro de la ciudad.<\/p>\n\n\n\n<p>El d\u00eda de protesta contempl\u00f3 el desarrollo de una marcha masiva que parti\u00f3 del monumento a Benito Ju\u00e1rez, en inmediaciones de crucero a Huay\u00e1pam, al z\u00f3calo de la ciudad; a su llegada, la dirigencia encabeza por Yenni P\u00e9rez Mart\u00ednez ingres\u00f3 a Palacio de Gobierno para entablar una vez m\u00e1s una mesa de di\u00e1logo para recibir respuestas del gobierno.<\/p>\n\n\n\n<p>HAY RECLAMOS<\/p>\n\n\n\n<p>Durante el mitin, a la salida del encuentro, P\u00e9rez Mart\u00ednez anunci\u00f3 que las respuestas ser\u00e1n puestas a consideraci\u00f3n de las bases en la Asamblea Estatal permanente de este lunes, y ser\u00e1n ah\u00ed donde se definan, en su caso, el resto de las actividades de protesta que se realicen para presionar al gobierno del estado.<\/p>\n\n\n\n<p>\u201cReafirmamos nuestra t\u00e1ctica de lucha, movilizaci\u00f3n-negociaci\u00f3n-movilizaci\u00f3n. Hoy retomamos esta lucha\u201d, mismos que por m\u00e1s de cinco a\u00f1os se mantuvo inactiva, se\u00f1al\u00f3 la dirigente de la gremial.<\/p>\n\n\n\n<p>Al Gobierno del Estado exigen la abrogaci\u00f3n de la reforma de 2015 con la que el IEEPO le quita poder de decisi\u00f3n a la Secci\u00f3n 22 sobre las \u00e1reas administrativas y pedag\u00f3gicas.\u00a0<\/p>\n\n\n\n<figure class=\"wp-block-embed is-type-rich is-provider-twitter wp-block-embed-twitter\"><div class=\"wp-block-embed__wrapper\">\n<div class=\"twitter-tweet\"><blockquote class=\"twitter-tweet\" data-lang=\"es\"><p lang=\"es\" dir=\"ltr\">Durante el mitin a la llegada de la marcha al z\u00f3calo, Libertad Reyes Guzm\u00e1n, representante de la Comisi\u00f3n Pol\u00edtica de la Secci\u00f3n 22 del SNTE, reprocha al gobernador <a href=\"https:\/\/twitter.com\/salomonj?ref_src=twsrc%5Etfw\">@salomonj<\/a> declaraciones de apoyar al magisterio. <br>Pr\u00f3ximo paro ser\u00e1 de 72 horas y el siguiente, indefinido. En las\u2026 <a href=\"https:\/\/t.co\/s7DEQpxDoX\">pic.twitter.com\/s7DEQpxDoX<\/a><\/p>&mdash; Zona Roja Oaxaca (@ZonaRoja_Oaxaca) <a href=\"https:\/\/twitter.com\/ZonaRoja_Oaxaca\/status\/1660718755104821249?ref_src=twsrc%5Etfw\">22 de mayo de 2023<\/a><\/blockquote><\/div>\n<\/div><\/figure>\n\n\n\n<p>As\u00ed como se apruebe una ley estatal en material educativa en la que se reconozca al Plan para la Transformaci\u00f3n de la Educaci\u00f3n de Oaxaca (PTEO). PARO GENERAL<\/p>\n\n\n\n<p>Tras la marcha de este ma\u00f1ana, y mientras parte de la dirigencia anotaba la una mesa de di\u00e1logo con el Gobierno del Estado, Libertad Reyes Guzm\u00e1n, representante de la Comisi\u00f3n Pol\u00edtica de la Secci\u00f3n 22 del SNTE, sentenci\u00f3 sobre pr\u00f3ximas protestas de no tener respuestas claras, contundentes y no dilatar\u00edas.<\/p>\n\n\n\n<p>El pr\u00f3ximo paro, dijo, podr\u00eda ser de 72 horas y el siguiente, indefinido, por lo que se declararon en \u201calerta m\u00e1xima\u201d para actuar con m\u00e1s protestas.<\/p>\n\n\n\n<p>As\u00ed como reproch\u00f3 a Jara Cruz que presuma supuesta relaci\u00f3n amistosa con la gremial y de \u201creglarle\u201d logros que han conseguido a trav\u00e9s de su lucha.<\/p>\n\n\n\n<p>DESTROZOS<\/p>\n\n\n\n<p>Presuntos normalistas de Oaxaca que aprovecharon la movilizaci\u00f3n del magisterio para manifestarse, ingresaron a oficinas del IEEPO y realizaron destrozos.<\/p>\n\n\n\n<p>El Instituto Estatal de Educaci\u00f3n P\u00fablica de Oaxaca (IEEPO) difundi\u00f3 im\u00e1genes e las que supuestos normalistas ingresaron a la sede ubicada en la agencia de San Felipe del Agua, donde se visualiza y escucha la jornada de vandalismo.<\/p>\n\n\n\n<p>Las personas que ingresaron lanzaron equipo de c\u00f3mputo, y otros lo sustrajeron. Tambi\u00e9n causaron destrozos en mobiliario de oficina y documentos, as\u00ed como realizaron pintas.<\/p>\n\n\n\n<p>Por su parte, en un comunicad de prensa, el gobierno que encabeza Salom\u00f3n Jara Cruz inform\u00f3 que la reuni\u00f3n fue respetuosa y que acompa\u00f1ar\u00e1 ante el Poder Legislativo las demandas de abrogaci\u00f3n de la reforma educativa de 2015, as\u00ed como a la Ley General de Educaci\u00f3n del estado.<\/p>\n\n\n\n<figure class=\"wp-block-embed is-type-rich is-provider-twitter wp-block-embed-twitter\"><div class=\"wp-block-embed__wrapper\">\n<div class=\"twitter-tweet\"><blockquote class=\"twitter-tweet\" data-lang=\"es\"><p lang=\"es\" dir=\"ltr\"><a href=\"https:\/\/twitter.com\/hashtag\/%C3%9AltimoMinuto?src=hash&amp;ref_src=twsrc%5Etfw\">#\u00daltimoMinuto<\/a><br>Miles de maestros marchan del oriente al centro de la ciudad de Oaxaca. <br>La dirigente del Comit\u00e9 Ejecutivo de la Secci\u00f3n 22 confirma que el gobierno de <a href=\"https:\/\/twitter.com\/salomonj?ref_src=twsrc%5Etfw\">@salomonj<\/a> no ha dado ninguna respuesta al pliego petitorio. <a href=\"https:\/\/t.co\/ceF87P4Hev\">pic.twitter.com\/ceF87P4Hev<\/a><\/p>&mdash; Zona Roja Oaxaca (@ZonaRoja_Oaxaca) <a href=\"https:\/\/twitter.com\/ZonaRoja_Oaxaca\/status\/1660682462781898752?ref_src=twsrc%5Etfw\">22 de mayo de 2023<\/a><\/blockquote><\/div>\n<\/div><\/figure>\n","protected":false},"excerpt":{"rendered":"<p>Yuridiana Sosa\/Zona Roja. Oaxaca de Ju\u00e1rez, Oax., a 22 de mayo de 2023.- Con m\u00ednimos&hellip;<\/p>\n","protected":false},"author":2,"featured_media":55543,"comment_status":"closed","ping_status":"open","sticky":false,"template":"","format":"standard","meta":{"_lmt_disableupdate":"","_lmt_disable":"","_jetpack_memberships_contains_paid_content":false,"footnotes":""},"categories":[109,47],"tags":[312],"class_list":["post-55542","post","type-post","status-publish","format-standard","has-post-thumbnail","hentry","category-minuto-a-minuto","category-zona-gris","tag-seccion-22-del-snte"],"jetpack_featured_media_url":"https:\/\/zonaroja.com.mx\/wp-content\/uploads\/2023\/05\/Marcha-Seccion-22-del-SNTE.jpg","jetpack_sharing_enabled":true,"_links":{"self":[{"href":"https:\/\/zonaroja.com.mx\/index.php?rest_route=\/wp\/v2\/posts\/55542","targetHints":{"allow":["GET"]}}],"collection":[{"href":"https:\/\/zonaroja.com.mx\/index.php?rest_route=\/wp\/v2\/posts"}],"about":[{"href":"https:\/\/zonaroja.com.mx\/index.php?rest_route=\/wp\/v2\/types\/post"}],"author":[{"embeddable":true,"href":"https:\/\/zonaroja.com.mx\/index.php?rest_route=\/wp\/v2\/users\/2"}],"replies":[{"embeddable":true,"href":"https:\/\/zonaroja.com.mx\/index.php?rest_route=%2Fwp%2Fv2%2Fcomments&post=55542"}],"version-history":[{"count":1,"href":"https:\/\/zonaroja.com.mx\/index.php?rest_route=\/wp\/v2\/posts\/55542\/revisions"}],"predecessor-version":[{"id":55544,"href":"https:\/\/zonaroja.com.mx\/index.php?rest_route=\/wp\/v2\/posts\/55542\/revisions\/55544"}],"wp:featuredmedia":[{"embeddable":true,"href":"https:\/\/zonaroja.com.mx\/index.php?rest_route=\/wp\/v2\/media\/55543"}],"wp:attachment":[{"href":"https:\/\/zonaroja.com.mx\/index.php?rest_route=%2Fwp%2Fv2%2Fmedia&parent=55542"}],"wp:term":[{"taxonomy":"category","embeddable":true,"href":"https:\/\/zonaroja.com.mx\/index.php?rest_route=%2Fwp%2Fv2%2Fcategories&post=55542"},{"taxonomy":"post_tag","embeddable":true,"href":"https:\/\/zonaroja.com.mx\/index.php?rest_route=%2Fwp%2Fv2%2Ftags&post=55542"}],"curies":[{"name":"wp","href":"https:\/\/api.w.org\/{rel}","templated":true}]}}