{"id":55545,"date":"2023-05-22T23:15:19","date_gmt":"2023-05-23T04:15:19","guid":{"rendered":"http:\/\/www.zonaroja.com.mx\/?p=55545"},"modified":"2023-05-22T23:15:21","modified_gmt":"2023-05-23T04:15:21","slug":"violencia-incesante-asesinan-a-individuo-en-pochutla-muere-empresario-de-cruz-azul-baleado","status":"publish","type":"post","link":"https:\/\/zonaroja.com.mx\/?p=55545","title":{"rendered":"Violencia incesante: asesinan a individuo en Pochutla; muere empresario de Cruz Azul baleado"},"content":{"rendered":"\n<p>Ismael Garc\u00eda M.\/Zona Roja.<\/p>\n\n\n\n<p>Oaxaca de Ju\u00e1rez, Oax., a 22 de mayo de 2023.- La ola de violencia contin\u00faa imparable en Oaxaca.<\/p>\n\n\n\n<p>Este lunes, asesinaron con arma blanca a una persona del sexo masculino, en la localidad de San Rafael Toltepec, perteneciente al municipio de San Pedro Pochutla.<\/p>\n\n\n\n<p>El crimen ocurri\u00f3 cerca de las 17:00 horas y la v\u00edctima fue identificada de manera preliminar como Jos\u00e9 Armando J. f., de unos 28 a\u00f1os de edad; a\u00fan se desconoce la identidad del o de los atacantes.<\/p>\n\n\n\n<p>Por otra parte, este lunes falleci\u00f3 el integrante de la Cooperativa Cruz Azul, con sede en Lagunas, El Barrio de la Soledad, tras ser atacado a balazos el pasado s\u00e1bado en el municipio de Mat\u00edas Romero Avenda\u00f1o.<\/p>\n\n\n\n<p>El hoy occiso fue identificado como Carlos T. F., quien era atendido en una cl\u00ednica de dicha ciudad istme\u00f1a; este d\u00eda pretend\u00edan trasladarlo a un hospital de Veracruz, pero no sobrevivi\u00f3 a la gravedad de las heridas.<\/p>\n\n\n\n<p>Por otra parte, esta noche una mujer recibi\u00f3 en la frente un disparo de arma de fuego, cuando transitaba por una calle de la colonia Benito Ju\u00e1rez del municipio de Santo Domingo Tehuantepec.<\/p>\n\n\n\n<p>La v\u00edctima a\u00fan no ha sido identificada y se desconoce a\u00fan el origen de la bala; fue trasladada a un hospital, mientras polic\u00edas realizan operativos de b\u00fasqueda del probable agresor.<\/p>\n","protected":false},"excerpt":{"rendered":"<p>Ismael Garc\u00eda M.\/Zona Roja. Oaxaca de Ju\u00e1rez, Oax., a 22 de mayo de 2023.- La&hellip;<\/p>\n","protected":false},"author":2,"featured_media":44175,"comment_status":"closed","ping_status":"open","sticky":false,"template":"","format":"standard","meta":{"_lmt_disableupdate":"","_lmt_disable":"","_jetpack_memberships_contains_paid_content":false,"footnotes":""},"categories":[109,51],"tags":[151],"class_list":["post-55545","post","type-post","status-publish","format-standard","has-post-thumbnail","hentry","category-minuto-a-minuto","category-zona-roja","tag-san-pedro-pochutla"],"jetpack_featured_media_url":"https:\/\/zonaroja.com.mx\/wp-content\/uploads\/2022\/08\/Asesinato-homicidio-escena-crimen.jpg","jetpack_sharing_enabled":true,"_links":{"self":[{"href":"https:\/\/zonaroja.com.mx\/index.php?rest_route=\/wp\/v2\/posts\/55545","targetHints":{"allow":["GET"]}}],"collection":[{"href":"https:\/\/zonaroja.com.mx\/index.php?rest_route=\/wp\/v2\/posts"}],"about":[{"href":"https:\/\/zonaroja.com.mx\/index.php?rest_route=\/wp\/v2\/types\/post"}],"author":[{"embeddable":true,"href":"https:\/\/zonaroja.com.mx\/index.php?rest_route=\/wp\/v2\/users\/2"}],"replies":[{"embeddable":true,"href":"https:\/\/zonaroja.com.mx\/index.php?rest_route=%2Fwp%2Fv2%2Fcomments&post=55545"}],"version-history":[{"count":2,"href":"https:\/\/zonaroja.com.mx\/index.php?rest_route=\/wp\/v2\/posts\/55545\/revisions"}],"predecessor-version":[{"id":55547,"href":"https:\/\/zonaroja.com.mx\/index.php?rest_route=\/wp\/v2\/posts\/55545\/revisions\/55547"}],"wp:featuredmedia":[{"embeddable":true,"href":"https:\/\/zonaroja.com.mx\/index.php?rest_route=\/wp\/v2\/media\/44175"}],"wp:attachment":[{"href":"https:\/\/zonaroja.com.mx\/index.php?rest_route=%2Fwp%2Fv2%2Fmedia&parent=55545"}],"wp:term":[{"taxonomy":"category","embeddable":true,"href":"https:\/\/zonaroja.com.mx\/index.php?rest_route=%2Fwp%2Fv2%2Fcategories&post=55545"},{"taxonomy":"post_tag","embeddable":true,"href":"https:\/\/zonaroja.com.mx\/index.php?rest_route=%2Fwp%2Fv2%2Ftags&post=55545"}],"curies":[{"name":"wp","href":"https:\/\/api.w.org\/{rel}","templated":true}]}}