{"id":55548,"date":"2023-05-23T07:52:24","date_gmt":"2023-05-23T12:52:24","guid":{"rendered":"http:\/\/www.zonaroja.com.mx\/?p=55548"},"modified":"2023-05-23T07:52:27","modified_gmt":"2023-05-23T12:52:27","slug":"promueve-el-congreso-en-foros-le-estatal-de-economia-circular","status":"publish","type":"post","link":"https:\/\/zonaroja.com.mx\/?p=55548","title":{"rendered":"Promueve el Congreso en foros Le Estatal de Econom\u00eda Circular"},"content":{"rendered":"\n<p>Redacci\u00f3n\/Zona Roja.<\/p>\n\n\n\n<p>Oaxaca de Ju\u00e1rez, Oax., a 23 de mayo de 2023.- Las diputadas promoventes de la Ley Estatal de Econom\u00eda Circular, Leticia Socorro Collado Soto, Liz Hern\u00e1ndez Matus y Melina Hern\u00e1ndez Sosa, llevaron a cabo el primer foro regional sobre la creaci\u00f3n de \u00e9sta, en la regi\u00f3n de la Costa de Oaxaca en las comunidades de San Pedro Mixtepec y Santa Mar\u00eda Huatulco, los d\u00edas 18 y 19 de mayo.<\/p>\n\n\n\n<p>Con la presencia de representantes de las diversas c\u00e1maras de comercio, prestadores de servicio y transporte, entidades acad\u00e9micas y asociaciones civiles, se realiz\u00f3 el foro, el cual tiene como objetivo, fomentar la participaci\u00f3n ciudadana para que conozcan la iniciativa y nutran con propuestas la Ley de Econom\u00eda Circular.&nbsp;<\/p>\n\n\n\n<p>Con la Econom\u00eda Circular se busca reducir al m\u00e1ximo la cantidad de desechos manteni\u00e9ndolos en el ciclo productivo la mayor cantidad de tiempo posible, con la intenci\u00f3n de conseguir una sociedad de \u201ccero residuos\u201d, as\u00ed como facilitar el desarrollo tecnol\u00f3gico para el reciclaje, la reutilizaci\u00f3n y el redise\u00f1o de productos.<\/p>\n\n\n\n<p>En este ejercicio de parlamento abierto, estuvieron presentes el diputado Pablo D\u00edaz Jim\u00e9nez, integrante de la Comisi\u00f3n Permanente de Desarrollo Econ\u00f3mico, la legisladora Juana Aguilar, as\u00ed como Ernesto Ruiz, titular de la Procuradur\u00eda de Protecci\u00f3n al Ambiente del Estado de Oaxaca, Alonso P\u00e9rez, asesor de la Secretar\u00eda de Desarrollo Econ\u00f3mico.<\/p>\n\n\n\n<p>Tambi\u00e9n, Jos\u00e9 Pacheco Ibarra, jefe de la Unidad Jur\u00eddica de la Secretar\u00eda de Medio Ambiente, Biodiversidad, Energ\u00edas y Sostenibilidad, quienes recalcaron el compromiso de los tres niveles de gobierno en conjunto con la sociedad civil, para la suma de esfuerzos y as\u00ed, lograr el objetivo principal de la Ley de Econom\u00eda Circular.<\/p>\n","protected":false},"excerpt":{"rendered":"<p>Redacci\u00f3n\/Zona Roja. Oaxaca de Ju\u00e1rez, Oax., a 23 de mayo de 2023.- Las diputadas promoventes&hellip;<\/p>\n","protected":false},"author":2,"featured_media":55550,"comment_status":"closed","ping_status":"open","sticky":false,"template":"","format":"standard","meta":{"_lmt_disableupdate":"","_lmt_disable":"","_jetpack_memberships_contains_paid_content":false,"footnotes":""},"categories":[109,46],"tags":[2743],"class_list":["post-55548","post","type-post","status-publish","format-standard","has-post-thumbnail","hentry","category-minuto-a-minuto","category-zona-blanca","tag-65-legislatura-del-estado-de-oaxaca"],"jetpack_featured_media_url":"https:\/\/zonaroja.com.mx\/wp-content\/uploads\/2023\/05\/Congreso-foros-Ley-de-Economia-Circular.jpeg","jetpack_sharing_enabled":true,"_links":{"self":[{"href":"https:\/\/zonaroja.com.mx\/index.php?rest_route=\/wp\/v2\/posts\/55548","targetHints":{"allow":["GET"]}}],"collection":[{"href":"https:\/\/zonaroja.com.mx\/index.php?rest_route=\/wp\/v2\/posts"}],"about":[{"href":"https:\/\/zonaroja.com.mx\/index.php?rest_route=\/wp\/v2\/types\/post"}],"author":[{"embeddable":true,"href":"https:\/\/zonaroja.com.mx\/index.php?rest_route=\/wp\/v2\/users\/2"}],"replies":[{"embeddable":true,"href":"https:\/\/zonaroja.com.mx\/index.php?rest_route=%2Fwp%2Fv2%2Fcomments&post=55548"}],"version-history":[{"count":1,"href":"https:\/\/zonaroja.com.mx\/index.php?rest_route=\/wp\/v2\/posts\/55548\/revisions"}],"predecessor-version":[{"id":55563,"href":"https:\/\/zonaroja.com.mx\/index.php?rest_route=\/wp\/v2\/posts\/55548\/revisions\/55563"}],"wp:featuredmedia":[{"embeddable":true,"href":"https:\/\/zonaroja.com.mx\/index.php?rest_route=\/wp\/v2\/media\/55550"}],"wp:attachment":[{"href":"https:\/\/zonaroja.com.mx\/index.php?rest_route=%2Fwp%2Fv2%2Fmedia&parent=55548"}],"wp:term":[{"taxonomy":"category","embeddable":true,"href":"https:\/\/zonaroja.com.mx\/index.php?rest_route=%2Fwp%2Fv2%2Fcategories&post=55548"},{"taxonomy":"post_tag","embeddable":true,"href":"https:\/\/zonaroja.com.mx\/index.php?rest_route=%2Fwp%2Fv2%2Ftags&post=55548"}],"curies":[{"name":"wp","href":"https:\/\/api.w.org\/{rel}","templated":true}]}}