{"id":55569,"date":"2023-05-23T08:16:55","date_gmt":"2023-05-23T13:16:55","guid":{"rendered":"http:\/\/www.zonaroja.com.mx\/?p=55569"},"modified":"2023-05-23T08:16:59","modified_gmt":"2023-05-23T13:16:59","slug":"bloqueara-seccion-22-aeropuerto-de-oaxaca-y-terminal-de-autobuses","status":"publish","type":"post","link":"https:\/\/zonaroja.com.mx\/?p=55569","title":{"rendered":"Bloquear\u00e1 Secci\u00f3n 22 aeropuerto de Oaxaca y terminal de autobuses"},"content":{"rendered":"\n<p>Ismael Garc\u00eda M.\/Zona Roja.<\/p>\n\n\n\n<p>Oaxaca de Ju\u00e1rez, Oax., a 23 de mayo de 2023.- La Asamblea Estatal Permanente de la Secci\u00f3n 22 del SNTE acord\u00f3 hoy incrementar sus protestas en Oaxaca, ante las insuficientes respuestas del Gobierno del Estado al pliego petitorio.<\/p>\n\n\n\n<p>La reuni\u00f3n que presidi\u00f3 la secretaria General del gremio, Yenny Aracely P\u00e9rez Hern\u00e1ndez, inici\u00f3 a las y concluy\u00f3 a las 03:46 horas de este martes.<\/p>\n\n\n\n<p>Un grupo de docentes bloquear\u00e1, a partir de las 09:00 horas, el acceso al aeropuerto internacional \u201cBenito Ju\u00e1rez\u201d, ubicado en jurisdicci\u00f3n de Santa Cruz Xoxocotl\u00e1n, al sur de la capital.<\/p>\n\n\n\n<p>Otro bloque cerrar\u00e1 las entradas y salidas a la terminal de autobuses de primera clase ADO, en la calzada H\u00e9roes de Chapultepec de la ciudad de Oaxaca.<\/p>\n\n\n\n<p>Mientras tanto, el resto de maestros de la gremial permanecer\u00e1 en \u201cplant\u00f3n\u201d en el Centro Hist\u00f3rico y dar\u00e1 cobertura a la reuni\u00f3n que sostendr\u00e1 la Comisi\u00f3n Pol\u00edtica de la Secci\u00f3n 22 con el mandatario Salom\u00f3n Jara Cruz.<\/p>\n\n\n\n<p>De seguir consider\u00e1ndose insuficientes las respuestas de la administraci\u00f3n estatal al pliego petitorio, el magisterio prev\u00e9 la pr\u00f3xima semana efectuar un paro de labores de 72 horas y la siguiente semana ser\u00eda el paro laboral indefinido.<\/p>\n\n\n\n<p>Ayer, tras una marcha del monumento a don Benito Ju\u00e1rez, al oriente de la capital, la Secci\u00f3n 22 se instal\u00f3 en \u201cplant\u00f3n\u201d en el centro de la ciudad.<\/p>\n\n\n\n<figure class=\"wp-block-embed is-type-rich is-provider-twitter wp-block-embed-twitter\"><div class=\"wp-block-embed__wrapper\">\n<div class=\"twitter-tweet\"><blockquote class=\"twitter-tweet\" data-lang=\"es\"><p lang=\"es\" dir=\"ltr\">A las 03:46 horas de hoy se decret\u00f3 un receso a la Asamblea Estatal de la Secci\u00f3n 22 del SNTE. <br>Acord\u00f3 bloquear accesos al aeropuerto internacional de <a href=\"https:\/\/twitter.com\/hashtag\/Oaxaca?src=hash&amp;ref_src=twsrc%5Etfw\">#Oaxaca<\/a>, al sur de la capital, y la terminal de autobuses de primera clase, adem\u00e1s de continuar con el \u201cplant\u00f3n\u201d del Centro\u2026 <a href=\"https:\/\/t.co\/Q0nXJwGWlI\">pic.twitter.com\/Q0nXJwGWlI<\/a><\/p>&mdash; Zona Roja Oaxaca (@ZonaRoja_Oaxaca) <a href=\"https:\/\/twitter.com\/ZonaRoja_Oaxaca\/status\/1660995261764714497?ref_src=twsrc%5Etfw\">23 de mayo de 2023<\/a><\/blockquote><\/div>\n<\/div><\/figure>\n","protected":false},"excerpt":{"rendered":"<p>Ismael Garc\u00eda M.\/Zona Roja. Oaxaca de Ju\u00e1rez, Oax., a 23 de mayo de 2023.- La&hellip;<\/p>\n","protected":false},"author":2,"featured_media":55549,"comment_status":"closed","ping_status":"open","sticky":false,"template":"","format":"standard","meta":{"_lmt_disableupdate":"","_lmt_disable":"","_jetpack_memberships_contains_paid_content":false,"footnotes":""},"categories":[109,47],"tags":[312],"class_list":["post-55569","post","type-post","status-publish","format-standard","has-post-thumbnail","hentry","category-minuto-a-minuto","category-zona-gris","tag-seccion-22-del-snte"],"jetpack_featured_media_url":"https:\/\/zonaroja.com.mx\/wp-content\/uploads\/2023\/05\/Asamblea-Estatal-Seccion-22.jpg","jetpack_sharing_enabled":true,"_links":{"self":[{"href":"https:\/\/zonaroja.com.mx\/index.php?rest_route=\/wp\/v2\/posts\/55569","targetHints":{"allow":["GET"]}}],"collection":[{"href":"https:\/\/zonaroja.com.mx\/index.php?rest_route=\/wp\/v2\/posts"}],"about":[{"href":"https:\/\/zonaroja.com.mx\/index.php?rest_route=\/wp\/v2\/types\/post"}],"author":[{"embeddable":true,"href":"https:\/\/zonaroja.com.mx\/index.php?rest_route=\/wp\/v2\/users\/2"}],"replies":[{"embeddable":true,"href":"https:\/\/zonaroja.com.mx\/index.php?rest_route=%2Fwp%2Fv2%2Fcomments&post=55569"}],"version-history":[{"count":1,"href":"https:\/\/zonaroja.com.mx\/index.php?rest_route=\/wp\/v2\/posts\/55569\/revisions"}],"predecessor-version":[{"id":55570,"href":"https:\/\/zonaroja.com.mx\/index.php?rest_route=\/wp\/v2\/posts\/55569\/revisions\/55570"}],"wp:featuredmedia":[{"embeddable":true,"href":"https:\/\/zonaroja.com.mx\/index.php?rest_route=\/wp\/v2\/media\/55549"}],"wp:attachment":[{"href":"https:\/\/zonaroja.com.mx\/index.php?rest_route=%2Fwp%2Fv2%2Fmedia&parent=55569"}],"wp:term":[{"taxonomy":"category","embeddable":true,"href":"https:\/\/zonaroja.com.mx\/index.php?rest_route=%2Fwp%2Fv2%2Fcategories&post=55569"},{"taxonomy":"post_tag","embeddable":true,"href":"https:\/\/zonaroja.com.mx\/index.php?rest_route=%2Fwp%2Fv2%2Ftags&post=55569"}],"curies":[{"name":"wp","href":"https:\/\/api.w.org\/{rel}","templated":true}]}}