{"id":55571,"date":"2023-05-23T13:18:00","date_gmt":"2023-05-23T18:18:00","guid":{"rendered":"http:\/\/www.zonaroja.com.mx\/?p=55571"},"modified":"2023-05-23T08:23:29","modified_gmt":"2023-05-23T13:23:29","slug":"capacita-poder-judicial-a-jueces-sobre-oralidad-en-procedimientos-civiles-y-familiares","status":"publish","type":"post","link":"https:\/\/zonaroja.com.mx\/?p=55571","title":{"rendered":"Capacita Poder Judicial a jueces sobre oralidad en procedimientos civiles y familiares"},"content":{"rendered":"\n<p>Redacci\u00f3n\/Zona Roja.<\/p>\n\n\n\n<p>Oaxaca de Ju\u00e1rez, Oax., 23 de Mayo de 2023.- Ante la reciente aprobaci\u00f3n del nuevo C\u00f3digo Nacional de Procedimientos Civiles y Familiares, el cual tiene como objetivo establecer procedimientos homologados en todo el pa\u00eds y consolidar la oralidad para dirimir asuntos como sucesiones, divorcio, guarda y custodia, pensi\u00f3n alimenticia y violencia familiar, entre otros, el Poder Judicial del Estado inici\u00f3 una jornada de capacitaci\u00f3n dirigida a jueces y jueces en materia civil, familiar y mixta.<\/p>\n\n\n\n<p>En su intervenci\u00f3n durante la apertura de las actividades acad\u00e9micas que en su etapa te\u00f3rica tienen como sede el auditorio \u201cBenito Ju\u00e1rez\u201d, anexo a los Juzgados Civiles y Familiares del Centro, el magistrado presidente Eduardo Pinacho S\u00e1nchez, resalt\u00f3 que este nuevo sistema procesal representa un reto y un momento hist\u00f3rico, por lo cual se pronunci\u00f3 por trabajar en conjunto para su implementaci\u00f3n por los cambios que se consideran.<\/p>\n\n\n\n<p>Acompa\u00f1ado del director de la Escuela Judicial, H\u00e9ctor Humberto V\u00e1squez Quevedo; del magistrado decano Crescencio Mart\u00ednez Geminiano y del juez Manlio Rigoberto Hern\u00e1ndez Dom\u00ednguez, se\u00f1al\u00f3 que resulta imprescindible garantizar a la y los operadores jur\u00eddicos el ejercicio de sus funciones, habilidades y destrezas, acorde con los derechos humanos, postulados y principios contenidos en la Constituci\u00f3n y en el nuevo C\u00f3digo Nacional de Procedimientos Civiles y Familiares.<\/p>\n\n\n\n<p>Asimismo, detall\u00f3 que en el Poder Judicial del Estado se conformar\u00e1 una Comisi\u00f3n que estar\u00e1 a cargo del proceso para su debida implementaci\u00f3n, contemplado en todo el pa\u00eds, en los pr\u00f3ximos cuatro a\u00f1os.<\/p>\n\n\n\n<p>La jornada de capacitaci\u00f3n, inici\u00f3 con el tema \u201cAn\u00e1lisis del Juicio Ordinario Civil Oral\u201d, a cargo del magistrado decano Mart\u00ednez Geminiano, pionero del sistema acusatorio penal y como ponente invitado, el juez Manlio Rigoberto Hern\u00e1ndez Dom\u00ednguez, con el tema \u201cTeor\u00eda del Caso\u201d, sesi\u00f3n en la que se cont\u00f3 tambi\u00e9n con la participaci\u00f3n de magistradas y magistrados de Salas.<\/p>\n\n\n\n<p>El C\u00f3digo Nacional de Procedimientos Civiles y Familiares busca priorizar la oralidad y un efectivo acceso a la justicia pronta, completa, imparcial y expedita. Adem\u00e1s, integra un modelo en el que se impulsa el uso de las tecnolog\u00edas de la informaci\u00f3n en los procesos judiciales, a fin de unificar los criterios y bases normativas.<\/p>\n","protected":false},"excerpt":{"rendered":"<p>Redacci\u00f3n\/Zona Roja. Oaxaca de Ju\u00e1rez, Oax., 23 de Mayo de 2023.- Ante la reciente aprobaci\u00f3n&hellip;<\/p>\n","protected":false},"author":2,"featured_media":55554,"comment_status":"closed","ping_status":"open","sticky":false,"template":"","format":"standard","meta":{"_lmt_disableupdate":"","_lmt_disable":"","_jetpack_memberships_contains_paid_content":false,"footnotes":""},"categories":[109,46],"tags":[223],"class_list":["post-55571","post","type-post","status-publish","format-standard","has-post-thumbnail","hentry","category-minuto-a-minuto","category-zona-blanca","tag-poder-judicial-de-oaxaca"],"jetpack_featured_media_url":"https:\/\/zonaroja.com.mx\/wp-content\/uploads\/2023\/05\/Poder-Juducial-Oaxaca.jpg","jetpack_sharing_enabled":true,"_links":{"self":[{"href":"https:\/\/zonaroja.com.mx\/index.php?rest_route=\/wp\/v2\/posts\/55571","targetHints":{"allow":["GET"]}}],"collection":[{"href":"https:\/\/zonaroja.com.mx\/index.php?rest_route=\/wp\/v2\/posts"}],"about":[{"href":"https:\/\/zonaroja.com.mx\/index.php?rest_route=\/wp\/v2\/types\/post"}],"author":[{"embeddable":true,"href":"https:\/\/zonaroja.com.mx\/index.php?rest_route=\/wp\/v2\/users\/2"}],"replies":[{"embeddable":true,"href":"https:\/\/zonaroja.com.mx\/index.php?rest_route=%2Fwp%2Fv2%2Fcomments&post=55571"}],"version-history":[{"count":1,"href":"https:\/\/zonaroja.com.mx\/index.php?rest_route=\/wp\/v2\/posts\/55571\/revisions"}],"predecessor-version":[{"id":55572,"href":"https:\/\/zonaroja.com.mx\/index.php?rest_route=\/wp\/v2\/posts\/55571\/revisions\/55572"}],"wp:featuredmedia":[{"embeddable":true,"href":"https:\/\/zonaroja.com.mx\/index.php?rest_route=\/wp\/v2\/media\/55554"}],"wp:attachment":[{"href":"https:\/\/zonaroja.com.mx\/index.php?rest_route=%2Fwp%2Fv2%2Fmedia&parent=55571"}],"wp:term":[{"taxonomy":"category","embeddable":true,"href":"https:\/\/zonaroja.com.mx\/index.php?rest_route=%2Fwp%2Fv2%2Fcategories&post=55571"},{"taxonomy":"post_tag","embeddable":true,"href":"https:\/\/zonaroja.com.mx\/index.php?rest_route=%2Fwp%2Fv2%2Ftags&post=55571"}],"curies":[{"name":"wp","href":"https:\/\/api.w.org\/{rel}","templated":true}]}}