{"id":55576,"date":"2023-05-23T08:47:40","date_gmt":"2023-05-23T13:47:40","guid":{"rendered":"http:\/\/www.zonaroja.com.mx\/?p=55576"},"modified":"2023-05-23T08:47:42","modified_gmt":"2023-05-23T13:47:42","slug":"la-scjn-invalida-en-su-totalidad-el-decreto-de-2021-para-obras-claves-de-amlo","status":"publish","type":"post","link":"https:\/\/zonaroja.com.mx\/?p=55576","title":{"rendered":"La SCJN invalida en su totalidad el decreto de 2021 para obras claves de AMLO"},"content":{"rendered":"\n<p>Redacci\u00f3n\/Zona Roja Cdmx.<\/p>\n\n\n\n<p>Ciudad de M\u00e9xico, a 23 de mayo de 2023.- En votaci\u00f3n dividida, la Suprema Corte de Justicia de la Naci\u00f3n (SCJN) dio efectos generales a su decisi\u00f3n de invalidar el acuerdo presidencial de 2021, que declar\u00f3 como asuntos de seguridad nacional los proyectos estrat\u00e9gicos del gobierno federal.&nbsp;<\/p>\n\n\n\n<p>Esto significa que no tendr\u00e1n validez ni para el gobierno ni para los ciudadanos. La determinaci\u00f3n no ser\u00e1 retroactiva ni afecta al nuevo decreto que, con un contenido similar, se public\u00f3 el jueves pasado.<\/p>\n\n\n\n<p>Esta discusi\u00f3n qued\u00f3 pendiente desde la semana anterior, pues los ministros no se pon\u00edan de acuerdo en si su sentencia tendr\u00eda efectos s\u00f3lo entre el gobierno federal y el Instituto Nacional de Transparencia, Acceso a la Informaci\u00f3n y Protecci\u00f3n de Datos Personales (INAI) \u2013que promovi\u00f3 la controversia\u2013 o aplicar\u00eda tambi\u00e9n para cualquier persona.<\/p>\n\n\n\n<p>La resoluci\u00f3n \u201ciba dirigida a las dependencias y entidades que son parte del Ejecutivo; el acuerdo se invalida en su totalidad.<\/p>\n\n\n\n<p>\u201cConsidero que para que el tema de los efectos, dadas las particularidades del acuerdo estudiado, el hecho de que el INAI sea la otra parte de la controversia no modifica la invalidez total\u201d, se\u00f1al\u00f3 el ministro ponente, Juan Luis Gonz\u00e1lez Alc\u00e1ntara Carranc\u00e1.<\/p>\n\n\n\n<p>La resoluci\u00f3n de la SCJN no tiene repercusi\u00f3n sobre el decreto presidencial emitido el jueves pasado, pues se trata de un nuevo acto jur\u00eddico, cuya eventual impugnaci\u00f3n requerir\u00e1 de otro an\u00e1lisis y votaci\u00f3n de los ministros.<\/p>\n\n\n\n<p>La \u00fanica alusi\u00f3n al respecto fue hecha por el ministro Javier Laynez Potisek, quien dijo: \u201cSi el Ejecutivo desea otro decreto donde diga: \u2018no aplica para transparencia ni para las licitaciones\u2019, tiene toda la legitimidad para hacerlo. Pero de este decreto (el de 2021), el pleno dijo: \u2018es inconstitucional\u2019\u201d.<\/p>\n\n\n\n<p>Seis votos<\/p>\n\n\n\n<p>Se manifestaron a favor de la propuesta los ministros Gonz\u00e1lez, Laynez, Luis Mar\u00eda Aguilar, Alberto P\u00e9rez Day\u00e1n, Norma Pi\u00f1a y Margarita R\u00edos Farjat.<\/p>\n\n\n\n<p>El acuerdo tambi\u00e9n conten\u00eda art\u00edculos en los cuales se ordenaba a todos los \u00f3rganos de gobierno otorgar, en un plazo de cinco d\u00edas, autorizaciones provisionales para las obras que requieran los proyectos prioritarios.<\/p>\n\n\n\n<p>Por unanimidad, subrayaron que su fallo no tendr\u00e1 efectos retroactivos, por lo que \u201clas autorizaciones provisionales otorgadas con fundamento en el acuerdo tendr\u00e1n la vigencia dispuesta de 12 meses contados a partir del momento de su emisi\u00f3n. La autorizaci\u00f3n definitiva, en esos casos, deber\u00e1 de obtenerse de conformidad con las disposiciones aplicables\u201d, explic\u00f3 Gonz\u00e1lez.<\/p>\n\n\n\n<p>(Informaci\u00f3n de \u201cLa Jornada\u201d)<\/p>\n","protected":false},"excerpt":{"rendered":"<p>Redacci\u00f3n\/Zona Roja Cdmx. Ciudad de M\u00e9xico, a 23 de mayo de 2023.- En votaci\u00f3n dividida,&hellip;<\/p>\n","protected":false},"author":2,"featured_media":55555,"comment_status":"closed","ping_status":"open","sticky":false,"template":"","format":"standard","meta":{"_lmt_disableupdate":"","_lmt_disable":"","_jetpack_memberships_contains_paid_content":false,"footnotes":""},"categories":[109,46],"tags":[2878],"class_list":["post-55576","post","type-post","status-publish","format-standard","has-post-thumbnail","hentry","category-minuto-a-minuto","category-zona-blanca","tag-suprema-corte-de-justicia-de-la-nacion-scjn"],"jetpack_featured_media_url":"https:\/\/zonaroja.com.mx\/wp-content\/uploads\/2023\/05\/Suprema-Corte-de-Justicia-SCJN.jpg","jetpack_sharing_enabled":true,"_links":{"self":[{"href":"https:\/\/zonaroja.com.mx\/index.php?rest_route=\/wp\/v2\/posts\/55576","targetHints":{"allow":["GET"]}}],"collection":[{"href":"https:\/\/zonaroja.com.mx\/index.php?rest_route=\/wp\/v2\/posts"}],"about":[{"href":"https:\/\/zonaroja.com.mx\/index.php?rest_route=\/wp\/v2\/types\/post"}],"author":[{"embeddable":true,"href":"https:\/\/zonaroja.com.mx\/index.php?rest_route=\/wp\/v2\/users\/2"}],"replies":[{"embeddable":true,"href":"https:\/\/zonaroja.com.mx\/index.php?rest_route=%2Fwp%2Fv2%2Fcomments&post=55576"}],"version-history":[{"count":1,"href":"https:\/\/zonaroja.com.mx\/index.php?rest_route=\/wp\/v2\/posts\/55576\/revisions"}],"predecessor-version":[{"id":55577,"href":"https:\/\/zonaroja.com.mx\/index.php?rest_route=\/wp\/v2\/posts\/55576\/revisions\/55577"}],"wp:featuredmedia":[{"embeddable":true,"href":"https:\/\/zonaroja.com.mx\/index.php?rest_route=\/wp\/v2\/media\/55555"}],"wp:attachment":[{"href":"https:\/\/zonaroja.com.mx\/index.php?rest_route=%2Fwp%2Fv2%2Fmedia&parent=55576"}],"wp:term":[{"taxonomy":"category","embeddable":true,"href":"https:\/\/zonaroja.com.mx\/index.php?rest_route=%2Fwp%2Fv2%2Fcategories&post=55576"},{"taxonomy":"post_tag","embeddable":true,"href":"https:\/\/zonaroja.com.mx\/index.php?rest_route=%2Fwp%2Fv2%2Ftags&post=55576"}],"curies":[{"name":"wp","href":"https:\/\/api.w.org\/{rel}","templated":true}]}}