{"id":55578,"date":"2023-05-23T08:54:39","date_gmt":"2023-05-23T13:54:39","guid":{"rendered":"http:\/\/www.zonaroja.com.mx\/?p=55578"},"modified":"2023-05-23T08:54:42","modified_gmt":"2023-05-23T13:54:42","slug":"con-violencia-normalistas-exigen-materiales-el-ieepo-dice-que-se-los-robaron","status":"publish","type":"post","link":"https:\/\/zonaroja.com.mx\/?p=55578","title":{"rendered":"Con violencia, normalistas exigen materiales\u2026 el IEEPO dice que se los robaron"},"content":{"rendered":"\n<p>Redacci\u00f3n\/Zona Roja.<\/p>\n\n\n\n<p>Oaxaca de Ju\u00e1rez, Oax., a 23 de mayo de 2023.- El Instituto Estatal de Educaci\u00f3n P\u00fablica de Oaxaca (IEEPO) justific\u00f3 que le robaron el material para las escuelas Normales del estado, por lo cual no pudo realizar la entrega correspondiente.<\/p>\n\n\n\n<p>Y es que ayer, normalistas vandalizaron al menos dos oficinas, una ubicada en la agencia de San Felipe del Agua y otra en la colonia Reforma, ciudad de Oaxaca, en la exigencia de la entrega de materiales a lo que se hab\u00eda comprometido el director del IEEPO, Emilio Montero P\u00e9rez.<\/p>\n\n\n\n<p>No obstante, en un comunicado, la autoridad estatal expuso que el material sustra\u00eddo tiene un valor de m\u00e1s de un mill\u00f3n de pesos, iba destinado a las 11 escuelas Normales de Oaxaca, pero se los robaron.<\/p>\n\n\n\n<p>\u201cEl pasado s\u00e1bado 13 de mayo, en la carretera federal Puebla-Oaxaca, personas no identificadas hurtaron los materiales que se transportaban en un veh\u00edculo de carga propiedad de una empresa particular denominada M. Pel\u00e1ez, conducido por el chofer J.R.M., quien interpuso la denuncia correspondiente ante la Fiscal\u00eda General del Estado de Puebla.&nbsp;<\/p>\n\n\n\n<p>\u201cEn tanto, en el Instituto se tomaron las medidas pertinentes a trav\u00e9s del \u00e1rea respectiva, con el acompa\u00f1amiento del equipo jur\u00eddico, a fin de gestionar la inmediata reposici\u00f3n de los paquetes did\u00e1cticos y cumplir con el equipamiento correspondiente, como se ha venido realizando desde el inicio de la administraci\u00f3n del gobernador Salom\u00f3n Jara Cruz.<\/p>\n\n\n\n<p>\u201cEl IEEPO se\u00f1al\u00f3 que esta situaci\u00f3n y en consecuencia el retraso en la entrega a los 11 planteles, que obedeci\u00f3 a causas ajenas al Gobierno del Estado, no debe ser motivo para justificar los actos vand\u00e1licos que se suscitaron durante este lunes en algunas oficinas administrativas, ya que la voluntad de di\u00e1logo abierto y respetuoso ha quedado de manifiesto en todo momento\u201d, dijo en un comunicado.&nbsp;<\/p>\n\n\n\n<p>Agreg\u00f3 que, de acuerdo con el testimonio del chofer, cuya responsabilidad era transportar la mercanc\u00eda recogida en la Ciudad de M\u00e9xico el d\u00eda 12 de mayo, para llevarla a la ciudad de Oaxaca, fue v\u00edctima del robo en el tramo de la carretera federal Puebla-Oaxaca.<\/p>\n\n\n\n<figure class=\"wp-block-embed is-type-rich is-provider-twitter wp-block-embed-twitter\"><div class=\"wp-block-embed__wrapper\">\n<div class=\"twitter-tweet\"><blockquote class=\"twitter-tweet\" data-lang=\"es\"><p lang=\"es\" dir=\"ltr\">No normalistas tambi\u00e9n aprovecharon la ingobernabilidad en la capital de <a href=\"https:\/\/twitter.com\/hashtag\/Oaxaca?src=hash&amp;ref_src=twsrc%5Etfw\">#Oaxaca<\/a> y presuntamente un grupo de ellos vandaliz\u00f3 oficinas del <a href=\"https:\/\/twitter.com\/IEEPOGobOax?ref_src=twsrc%5Etfw\">@IEEPOGobOax<\/a> ubicadas en la agencia de San Felipe del Agua; la instituci\u00f3n difundi\u00f3 este video: <a href=\"https:\/\/t.co\/AhFDEPeIkJ\">pic.twitter.com\/AhFDEPeIkJ<\/a><\/p>&mdash; Zona Roja Oaxaca (@ZonaRoja_Oaxaca) <a href=\"https:\/\/twitter.com\/ZonaRoja_Oaxaca\/status\/1660768347569496065?ref_src=twsrc%5Etfw\">22 de mayo de 2023<\/a><\/blockquote><\/div>\n<\/div><\/figure>\n","protected":false},"excerpt":{"rendered":"<p>Redacci\u00f3n\/Zona Roja. Oaxaca de Ju\u00e1rez, Oax., a 23 de mayo de 2023.- El Instituto Estatal&hellip;<\/p>\n","protected":false},"author":2,"featured_media":55556,"comment_status":"closed","ping_status":"open","sticky":false,"template":"","format":"standard","meta":{"_lmt_disableupdate":"","_lmt_disable":"","_jetpack_memberships_contains_paid_content":false,"footnotes":""},"categories":[109,47],"tags":[2837],"class_list":["post-55578","post","type-post","status-publish","format-standard","has-post-thumbnail","hentry","category-minuto-a-minuto","category-zona-gris","tag-instituto-estatal-de-educacion-publica-de-oaxaca-ieepo"],"jetpack_featured_media_url":"https:\/\/zonaroja.com.mx\/wp-content\/uploads\/2023\/05\/Vandalismo-normalistas.jpg","jetpack_sharing_enabled":true,"_links":{"self":[{"href":"https:\/\/zonaroja.com.mx\/index.php?rest_route=\/wp\/v2\/posts\/55578","targetHints":{"allow":["GET"]}}],"collection":[{"href":"https:\/\/zonaroja.com.mx\/index.php?rest_route=\/wp\/v2\/posts"}],"about":[{"href":"https:\/\/zonaroja.com.mx\/index.php?rest_route=\/wp\/v2\/types\/post"}],"author":[{"embeddable":true,"href":"https:\/\/zonaroja.com.mx\/index.php?rest_route=\/wp\/v2\/users\/2"}],"replies":[{"embeddable":true,"href":"https:\/\/zonaroja.com.mx\/index.php?rest_route=%2Fwp%2Fv2%2Fcomments&post=55578"}],"version-history":[{"count":1,"href":"https:\/\/zonaroja.com.mx\/index.php?rest_route=\/wp\/v2\/posts\/55578\/revisions"}],"predecessor-version":[{"id":55579,"href":"https:\/\/zonaroja.com.mx\/index.php?rest_route=\/wp\/v2\/posts\/55578\/revisions\/55579"}],"wp:featuredmedia":[{"embeddable":true,"href":"https:\/\/zonaroja.com.mx\/index.php?rest_route=\/wp\/v2\/media\/55556"}],"wp:attachment":[{"href":"https:\/\/zonaroja.com.mx\/index.php?rest_route=%2Fwp%2Fv2%2Fmedia&parent=55578"}],"wp:term":[{"taxonomy":"category","embeddable":true,"href":"https:\/\/zonaroja.com.mx\/index.php?rest_route=%2Fwp%2Fv2%2Fcategories&post=55578"},{"taxonomy":"post_tag","embeddable":true,"href":"https:\/\/zonaroja.com.mx\/index.php?rest_route=%2Fwp%2Fv2%2Ftags&post=55578"}],"curies":[{"name":"wp","href":"https:\/\/api.w.org\/{rel}","templated":true}]}}