{"id":55580,"date":"2023-05-23T19:25:59","date_gmt":"2023-05-24T00:25:59","guid":{"rendered":"http:\/\/www.zonaroja.com.mx\/?p=55580"},"modified":"2023-05-23T19:26:04","modified_gmt":"2023-05-24T00:26:04","slug":"denuncian-que-persiste-corrupcion-ineficacia-y-proselitismo-en-registro-civil","status":"publish","type":"post","link":"https:\/\/zonaroja.com.mx\/?p=55580","title":{"rendered":"Denuncian que persiste corrupci\u00f3n, ineficacia y proselitismo en Registro Civil\u00a0"},"content":{"rendered":"\n<p>Yuridiana Sosa\/Zona Roja.<\/p>\n\n\n\n<p>Oaxaca de Ju\u00e1rez, Oax., a 23 de mayo de 2023.- A m\u00e1s de cinco meses de iniciada la administraci\u00f3n de Salom\u00f3n Jara Cruz, la transformaci\u00f3n tampoco ha llegado al Registro Civil, donde la operatividad de los nuevos funcionarios a cargo de la directora general, Dulce Belem Uribe Mendoza, es nula, se gestiona con la corrupci\u00f3n y se ocupa como trampol\u00edn pol\u00edtico, aseveraron los trabajadores del Gobierno del Estado.<\/p>\n\n\n\n<p>En comparaci\u00f3n con la pasada administraci\u00f3n, no existen diferencias, sin embargo, el gobernador desconoce la realidad que se vive en las diferentes \u00e1reas de esta dependencia, se\u00f1alaron delegados del Sindicato de Trabajadores de los Poderes del Estado e Instituciones Descentralizadas de Car\u00e1cter Estatal de Oaxaca (STPEIDCEO) en su segundo d\u00eda consecutivo de protesta ante la desatenci\u00f3n a sus demandas.<\/p>\n\n\n\n<p>Sin afectar el servicio al p\u00fablico, los bur\u00f3cratas continuaron este martes con su manifestaci\u00f3n en las oficinas centrales del Registro Civil, ubicadas en las calles de Santos Degollado y Ray\u00f3n, para denunciar la deplorable infraestructura del edificio al que fueron reubicados poniendo en riesgo la integridad de los que asisten, as\u00ed como la falta de insumos y hasta de hojas oficiales para los tr\u00e1mites.<\/p>\n\n\n\n<p>La demanda ha sido presentada al Gobierno del Estado, sin embargo, no existe respuesta a su solicitud para que se aplique una rehabilitaci\u00f3n y doten de material para eficientar sus labores.<\/p>\n\n\n\n<p>CORRUPCI\u00d3N Y PROPAGANDA<\/p>\n\n\n\n<p>Las peticiones de los trabajadores han sido minimizadas por la directora Dulce Belem Uribe Mendoza, quien prioriza la propaganda pol\u00edtica de Morena por la regi\u00f3n Mixteca, de donde es originaria, indic\u00f3 la delegada Mar\u00eda Luisa Mendoza.<\/p>\n\n\n\n<figure class=\"wp-block-embed is-type-rich is-provider-twitter wp-block-embed-twitter\"><div class=\"wp-block-embed__wrapper\">\n<div class=\"twitter-tweet\"><blockquote class=\"twitter-tweet\" data-lang=\"es\"><p lang=\"es\" dir=\"ltr\"><a href=\"https:\/\/twitter.com\/hashtag\/ENVIVO?src=hash&amp;ref_src=twsrc%5Etfw\">#ENVIVO<\/a><br>Oaxaca de Ju\u00e1rez, Oax., a 12 de mayo de 2023.- Protesta de trabajadores de la <a href=\"https:\/\/twitter.com\/RegCivil_GobOax?ref_src=twsrc%5Etfw\">@RegCivil_GobOax<\/a> en las oficinas centrales, ubicadas en la calle Ray\u00f3n de la ciudad de Oaxaca, ante nulas respuestas a demanda de infraestructura y material de trabajo.<br>Transmisi\u00f3n \ud83d\udc47\u2026 <a href=\"https:\/\/t.co\/ESDlGaoPWr\">pic.twitter.com\/ESDlGaoPWr<\/a><\/p>&mdash; Zona Roja Oaxaca (@ZonaRoja_Oaxaca) <a href=\"https:\/\/twitter.com\/ZonaRoja_Oaxaca\/status\/1661060629933834279?ref_src=twsrc%5Etfw\">23 de mayo de 2023<\/a><\/blockquote><\/div>\n<\/div><\/figure>\n\n\n\n<p>La directora ha basado sus contestaciones en que no existe presupuesto para la atenci\u00f3n, pero sus actividades proselitistas indican otra cosa, destacaron los delegados sindicales.<\/p>\n\n\n\n<p>A ellos se suma la prepotencia y falta de capacidad por parte los nuevos funcionarios, lo que mantiene paralizada a distintas \u00e1reas del Registro Civil, indic\u00f3 el delegado sindical, Arturo Espinoza Arano.<\/p>\n\n\n\n<p>Para resolver la ineficacia, las nuevas autoridades han designado a oficiales para resolver asuntos administrativos, lo que deja coja algunas oficiales donde deben estar para atender la demanda de la poblaci\u00f3n.<\/p>\n\n\n\n<p>Todo esto, agreg\u00f3, tambi\u00e9n se acompa\u00f1a de la corrupci\u00f3n para realizar diversos tr\u00e1mites que pasan por manos de los nuevos funcionarios.<\/p>\n\n\n\n<p>\u201cEl Registro Civil sigue siendo guarida de saqueadores\u201d, as\u00ed como sirve de trampol\u00edn para seguir aspirando a otros cargos p\u00fablicos, \u201ccomo en el pasado\u201d, asegur\u00f3 el delegado Espinoza Arano.<\/p>\n\n\n\n<p>EN ESCALADA<\/p>\n\n\n\n<p>Ante la nula atenci\u00f3n, la base trabajadora considerar\u00e1 dar un ultim\u00e1tum al gobierno del estado o intensificar\u00e1n protestas, pues la integridad de m\u00e1s de 400 personas que ah\u00ed laboran, m\u00e1s de los usuarios, est\u00e1 en riesgo por el mal estado del edificio.<\/p>\n\n\n\n<p>Con las lluvias de semanas atr\u00e1s, la parte de un techo, supuestamente acondicionado y habilitado, cay\u00f3, mientras que los sanitarios se encuentran en p\u00e9simas condiciones, por mencionar algunos da\u00f1os visibles.&nbsp;<\/p>\n","protected":false},"excerpt":{"rendered":"<p>Yuridiana Sosa\/Zona Roja. Oaxaca de Ju\u00e1rez, Oax., a 23 de mayo de 2023.- A m\u00e1s&hellip;<\/p>\n","protected":false},"author":2,"featured_media":55581,"comment_status":"closed","ping_status":"open","sticky":false,"template":"","format":"standard","meta":{"_lmt_disableupdate":"","_lmt_disable":"","_jetpack_memberships_contains_paid_content":false,"footnotes":""},"categories":[109,46,47],"tags":[1379],"class_list":["post-55580","post","type-post","status-publish","format-standard","has-post-thumbnail","hentry","category-minuto-a-minuto","category-zona-blanca","category-zona-gris","tag-direccion-del-registro-civil-de-oaxaca"],"jetpack_featured_media_url":"https:\/\/zonaroja.com.mx\/wp-content\/uploads\/2023\/05\/Protesta-Registro-Civil-Oaxaca.jpg","jetpack_sharing_enabled":true,"_links":{"self":[{"href":"https:\/\/zonaroja.com.mx\/index.php?rest_route=\/wp\/v2\/posts\/55580","targetHints":{"allow":["GET"]}}],"collection":[{"href":"https:\/\/zonaroja.com.mx\/index.php?rest_route=\/wp\/v2\/posts"}],"about":[{"href":"https:\/\/zonaroja.com.mx\/index.php?rest_route=\/wp\/v2\/types\/post"}],"author":[{"embeddable":true,"href":"https:\/\/zonaroja.com.mx\/index.php?rest_route=\/wp\/v2\/users\/2"}],"replies":[{"embeddable":true,"href":"https:\/\/zonaroja.com.mx\/index.php?rest_route=%2Fwp%2Fv2%2Fcomments&post=55580"}],"version-history":[{"count":1,"href":"https:\/\/zonaroja.com.mx\/index.php?rest_route=\/wp\/v2\/posts\/55580\/revisions"}],"predecessor-version":[{"id":55582,"href":"https:\/\/zonaroja.com.mx\/index.php?rest_route=\/wp\/v2\/posts\/55580\/revisions\/55582"}],"wp:featuredmedia":[{"embeddable":true,"href":"https:\/\/zonaroja.com.mx\/index.php?rest_route=\/wp\/v2\/media\/55581"}],"wp:attachment":[{"href":"https:\/\/zonaroja.com.mx\/index.php?rest_route=%2Fwp%2Fv2%2Fmedia&parent=55580"}],"wp:term":[{"taxonomy":"category","embeddable":true,"href":"https:\/\/zonaroja.com.mx\/index.php?rest_route=%2Fwp%2Fv2%2Fcategories&post=55580"},{"taxonomy":"post_tag","embeddable":true,"href":"https:\/\/zonaroja.com.mx\/index.php?rest_route=%2Fwp%2Fv2%2Ftags&post=55580"}],"curies":[{"name":"wp","href":"https:\/\/api.w.org\/{rel}","templated":true}]}}