{"id":55585,"date":"2023-05-23T21:39:00","date_gmt":"2023-05-24T02:39:00","guid":{"rendered":"http:\/\/www.zonaroja.com.mx\/?p=55585"},"modified":"2023-05-23T21:39:10","modified_gmt":"2023-05-24T02:39:10","slug":"escala-ingobernabilidad-en-oaxaca-y-ahora-pega-a-turismo-extranjero-y-nacional-yuridiana-sosa-zona-roja","status":"publish","type":"post","link":"https:\/\/zonaroja.com.mx\/?p=55585","title":{"rendered":"Escala ingobernabilidad en Oaxaca y ahora pega a turismo extranjero y nacional Yuridiana Sosa\/Zona Roja."},"content":{"rendered":"\n<p>Oaxaca de Ju\u00e1rez, Oax., a 23 de mayo de 2023.- Cientos de turistas nacionales y extranjeros sufrieron las consecuencias de la ingobernabilidad en Oaxaca, al quedar varados y perder sus vuelos en el aeropuerto internacional \u201cBenito Ju\u00e1rez\u201d de Oaxaca, que fue cerrado casi todo el d\u00eda, ante la protesta del magisterio.<\/p>\n\n\n\n<p>Fue la falta de respuestas y atenci\u00f3n asertiva del gobierno de Salom\u00f3n Jara Cruz al pliego de peticiones de la Secci\u00f3n 22 del SNTE lo que provoc\u00f3 que la gremial desarrollara una jornada de protesta que para este martes contempl\u00f3 la \u201ctoma\u201d del aeropuerto y la estaci\u00f3n de autobuses de ADO en la capital.<\/p>\n\n\n\n<p>Desde temprana hora el magisterio mont\u00f3 un campamento sobre el acceso principal del aeropuerto en jurisdicci\u00f3n de Santa Cruz Xoxocotl\u00e1n, conurbado a la capital.<\/p>\n\n\n\n<p>El cierre oblig\u00f3 a los usuarios, varios de ellos personas de la tercera edad, a buscar ingresos alternativos a la estaci\u00f3n a\u00e9rea y caminar entre veredas enmontadas cargando su equipaje.<\/p>\n\n\n\n<p>Pero de nada sirvi\u00f3, pues las puertas alternas fueron cerradas por el propio personal de aeropuerto sin dar ingreso a ning\u00fan pasajero, ni siquiera para quienes perder su vuelo representaba un riesgo en su salud como lo explicaron algunos usuarios.<\/p>\n\n\n\n<figure class=\"wp-block-embed is-type-rich is-provider-twitter wp-block-embed-twitter\"><div class=\"wp-block-embed__wrapper\">\n<div class=\"twitter-tweet\"><blockquote class=\"twitter-tweet\" data-lang=\"es\"><p lang=\"es\" dir=\"ltr\"><a href=\"https:\/\/twitter.com\/hashtag\/%C3%9AltimoMinuto?src=hash&amp;ref_src=twsrc%5Etfw\">#\u00daltimoMinuto<\/a><br>Terrible situaci\u00f3n para los usuarios del aeropuerto internacional de Oaxaca, ante el bloqueo de la Secci\u00f3n 22. <br>Muchos extranjeros y muchas personas de la tercera edad, con enfermedades. <br>Tienen que caminar entre veredas y cargar maletas. <br>Ni el <a href=\"https:\/\/twitter.com\/GobOax?ref_src=twsrc%5Etfw\">@GobOax<\/a> ni el\u2026 <a href=\"https:\/\/t.co\/wXuuCko5LJ\">pic.twitter.com\/wXuuCko5LJ<\/a><\/p>&mdash; Zona Roja Oaxaca (@ZonaRoja_Oaxaca) <a href=\"https:\/\/twitter.com\/ZonaRoja_Oaxaca\/status\/1661073438394527750?ref_src=twsrc%5Etfw\">23 de mayo de 2023<\/a><\/blockquote><\/div>\n<\/div><\/figure>\n\n\n\n<p>Como el caso de una mujer de 65 a\u00f1os de edad, originaria de Estados Unidos, quien pidi\u00f3 con desesperaci\u00f3n su ingreso para tomar su vuelo y volver a casa a tiempo para el suministro de sus medicamentos.<\/p>\n\n\n\n<p>\u201cNo quiero que algo me pase\u201d explica con angustia la mujer al trabajar del aeropuerto, quien la ignor\u00f3 y no dio respuesta, de acuerdo al video que usuarios afectados compartieron.<\/p>\n\n\n\n<p>\u201cTenemos testigo si algo le pasa\u201d, se escuch\u00f3 decir de parte de un hombre.<\/p>\n\n\n\n<p>En minutos, la desesperaci\u00f3n y enojo por la situaci\u00f3n frente a la p\u00e9rdida de sus vuelos se apoder\u00f3 de los usuarios y comenzaron a golpear el port\u00f3n met\u00e1lico para exigir su ingreso.<\/p>\n\n\n\n<p>Pero nada vali\u00f3 la pena, e incluso las quejas se trasladaron a las redes sociales, donde ciudadanos y usuarios reclamaron a Jara Cruz la ineficacia para evitar este tipo de movilizaciones que afectan a terceros.<\/p>\n\n\n\n<p>Durante este actividad, la Secci\u00f3n 22 no bloqu\u00e9 el crucero que conduce al aeropuerto, sobre la la carretera federal 175 Oaxaca &#8211; Puerto Escondido.<\/p>\n\n\n\n<p>Por otra parte, tambi\u00e9n cuento de usuarios de l\u00ednea de autobuses ADO resultaron afectados con la \u201ctoma\u201d de la terminal.<\/p>\n\n\n\n<p>Mientras que en el Centro Hist\u00f3rico de la capital, z\u00f3calo y calles aleda\u00f1as a Palacio de Gobierno, lucieron llenas de lonas y casas de acampar que instalaron para su \u201cplant\u00f3n\u201d de 48 horas, mismo que culmina este martes.<\/p>\n\n\n\n<figure class=\"wp-block-embed is-type-rich is-provider-twitter wp-block-embed-twitter\"><div class=\"wp-block-embed__wrapper\">\n<div class=\"twitter-tweet\"><blockquote class=\"twitter-tweet\" data-lang=\"es\"><p lang=\"es\" dir=\"ltr\"><a href=\"https:\/\/twitter.com\/hashtag\/%C3%9AltimoMinuto?src=hash&amp;ref_src=twsrc%5Etfw\">#\u00daltimoMinuto<\/a><br>Docentes de la Secci\u00f3n 22 del SNTE ya bloquean los accesos a la terminal de autobuses ADO y la calzada H\u00e9roes de Chapultepec, en la ciudad de <a href=\"https:\/\/twitter.com\/hashtag\/Oaxaca?src=hash&amp;ref_src=twsrc%5Etfw\">#Oaxaca<\/a>. <a href=\"https:\/\/t.co\/WJhJwyey2H\">pic.twitter.com\/WJhJwyey2H<\/a><\/p>&mdash; Zona Roja Oaxaca (@ZonaRoja_Oaxaca) <a href=\"https:\/\/twitter.com\/ZonaRoja_Oaxaca\/status\/1661022554667229188?ref_src=twsrc%5Etfw\">23 de mayo de 2023<\/a><\/blockquote><\/div>\n<\/div><\/figure>\n\n\n\n<p>M\u00c1S PROTESTAS<\/p>\n\n\n\n<p>En tanto, por segundo d\u00eda consecutivo, un grupo de pobladores bloque\u00f3 la carretera federal Oaxaca-Huajuapan de Le\u00f3n, en jurisdicci\u00f3n de Tamazul\u00e1pam del Progreso para exigir al presidente municipal obras y servicios, as\u00ed como transparencia en las acciones.<\/p>\n\n\n\n<p>Mientras tanto, militantes del Movimiento de Unificaci\u00f3n y Lucha Triqui Independiente (MULTI) mantuvieron tambi\u00e9n sus movilizaciones por segundo d\u00eda, ahora primero con el bloqueo a la caseta de peaje de la supercarretera Oaxaca-Cuacnopalan.<\/p>\n\n\n\n<p>Cerca del mediod\u00eda se trasladaron al crucero de la localidad de Hacienda Blanca, de la carretera federal Oaxaca-M\u00e9xico, para bloquear por casi todo el d\u00eda la vialidad.<\/p>\n\n\n\n<p>Por la tarde, arribaron en caravana al z\u00f3calo de la capital oaxaque\u00f1a, donde se instalaron en \u00abplant\u00f3n\u00bb con bloqueo a los accesos al Palacio de Gobierno, en espera de atenci\u00f3n gubernamental.<\/p>\n\n\n\n<p>Mientras tanto, tambi\u00e9n por segundo d\u00eda sindicalizados del Instituto de Estudios de Telebachillerato se mantienen en el z\u00f3calo de la capital con sus campamentos, para exigir una mesa de di\u00e1logo en la que plantean la exigencia de aumento salarial.<\/p>\n\n\n\n<figure class=\"wp-block-embed is-type-rich is-provider-twitter wp-block-embed-twitter\"><div class=\"wp-block-embed__wrapper\">\n<div class=\"twitter-tweet\"><blockquote class=\"twitter-tweet\" data-lang=\"es\"><p lang=\"es\" dir=\"ltr\"><a href=\"https:\/\/twitter.com\/hashtag\/%C3%9AltimoMinuto?src=hash&amp;ref_src=twsrc%5Etfw\">#\u00daltimoMinuto<\/a><br>Tras retirar su bloqueo carretero del crucero de Hacienda Blanca, San Pablo, Etla, integrantes del <a href=\"https:\/\/twitter.com\/MULTI_Oficial1?ref_src=twsrc%5Etfw\">@MULTI_Oficial1<\/a> se concentran en el z\u00f3calo de la ciudad de Oaxaca y ahora bloquean los accesos al Palacio de Gobierno. <a href=\"https:\/\/t.co\/mlvT3pca5u\">pic.twitter.com\/mlvT3pca5u<\/a><\/p>&mdash; Zona Roja Oaxaca (@ZonaRoja_Oaxaca) <a href=\"https:\/\/twitter.com\/ZonaRoja_Oaxaca\/status\/1661163013376733186?ref_src=twsrc%5Etfw\">24 de mayo de 2023<\/a><\/blockquote><\/div>\n<\/div><\/figure>\n","protected":false},"excerpt":{"rendered":"<p>Oaxaca de Ju\u00e1rez, Oax., a 23 de mayo de 2023.- Cientos de turistas nacionales y&hellip;<\/p>\n","protected":false},"author":2,"featured_media":55586,"comment_status":"closed","ping_status":"open","sticky":false,"template":"","format":"standard","meta":{"_lmt_disableupdate":"","_lmt_disable":"","_jetpack_memberships_contains_paid_content":false,"footnotes":""},"categories":[109,47],"tags":[2264],"class_list":["post-55585","post","type-post","status-publish","format-standard","has-post-thumbnail","hentry","category-minuto-a-minuto","category-zona-gris","tag-bloqueos-y-protestas-oaxaca"],"jetpack_featured_media_url":"https:\/\/zonaroja.com.mx\/wp-content\/uploads\/2023\/05\/Bloqueo-aeropuerto-Oaxaca.jpg","jetpack_sharing_enabled":true,"_links":{"self":[{"href":"https:\/\/zonaroja.com.mx\/index.php?rest_route=\/wp\/v2\/posts\/55585","targetHints":{"allow":["GET"]}}],"collection":[{"href":"https:\/\/zonaroja.com.mx\/index.php?rest_route=\/wp\/v2\/posts"}],"about":[{"href":"https:\/\/zonaroja.com.mx\/index.php?rest_route=\/wp\/v2\/types\/post"}],"author":[{"embeddable":true,"href":"https:\/\/zonaroja.com.mx\/index.php?rest_route=\/wp\/v2\/users\/2"}],"replies":[{"embeddable":true,"href":"https:\/\/zonaroja.com.mx\/index.php?rest_route=%2Fwp%2Fv2%2Fcomments&post=55585"}],"version-history":[{"count":1,"href":"https:\/\/zonaroja.com.mx\/index.php?rest_route=\/wp\/v2\/posts\/55585\/revisions"}],"predecessor-version":[{"id":55587,"href":"https:\/\/zonaroja.com.mx\/index.php?rest_route=\/wp\/v2\/posts\/55585\/revisions\/55587"}],"wp:featuredmedia":[{"embeddable":true,"href":"https:\/\/zonaroja.com.mx\/index.php?rest_route=\/wp\/v2\/media\/55586"}],"wp:attachment":[{"href":"https:\/\/zonaroja.com.mx\/index.php?rest_route=%2Fwp%2Fv2%2Fmedia&parent=55585"}],"wp:term":[{"taxonomy":"category","embeddable":true,"href":"https:\/\/zonaroja.com.mx\/index.php?rest_route=%2Fwp%2Fv2%2Fcategories&post=55585"},{"taxonomy":"post_tag","embeddable":true,"href":"https:\/\/zonaroja.com.mx\/index.php?rest_route=%2Fwp%2Fv2%2Ftags&post=55585"}],"curies":[{"name":"wp","href":"https:\/\/api.w.org\/{rel}","templated":true}]}}