{"id":55588,"date":"2023-05-23T23:12:58","date_gmt":"2023-05-24T04:12:58","guid":{"rendered":"http:\/\/www.zonaroja.com.mx\/?p=55588"},"modified":"2023-05-23T23:15:46","modified_gmt":"2023-05-24T04:15:46","slug":"usa-otra-vez-gobierno-de-jara-fuerza-publica-ahora-contra-normalistas-y-seccion-22","status":"publish","type":"post","link":"https:\/\/zonaroja.com.mx\/?p=55588","title":{"rendered":"Usa otra vez gobierno de Jara fuerza p\u00fablica, ahora contra normalistas y Secci\u00f3n 22"},"content":{"rendered":"\n<p>Ismael Garc\u00eda M.\/Zona Roja.<\/p>\n\n\n\n<p>Oaxaca de Ju\u00e1rez, Oax., a 23 de mayo de 2023.- El gobierno de Salom\u00f3n Jara Cruz utiliz\u00f3 de nuevo la fuerza policiaca, ahora para dispersar a estudiantes normalistas y docentes de la Secci\u00f3n 22 del SNTE del z\u00f3calo de la capital oaxaque\u00f1a.<\/p>\n\n\n\n<p>Las acciones iniciaron durante la tarde en la zona poniente de la capital, donde se dio la alerta de una supuesta ri\u00f1a o agresi\u00f3n a un grupo de personas.<\/p>\n\n\n\n<p>Al llegar elementos de la Polic\u00eda Estatal al exterior de una bodega del Instituto Estatal de Educaci\u00f3n P\u00fablica de Oaxaca, en la colonia Patria Nueva, agencia de Pueblo Nuevo, detuvieron a al menos tres estudiantes que supuestamente saqueaban materiales.<\/p>\n\n\n\n<p>De inmediato, el resto de normalistas a bordo de un autob\u00fas urbano se dirigi\u00f3 al z\u00f3calo de la capital, donde se encontraba la dirigencia de la Secci\u00f3n 22, encabezada por Yenny Aracely P\u00e9rez.<\/p>\n\n\n\n<p>De acuerdo con la versi\u00f3n de los estudiantes del Centro Centro Regional de Educaci\u00f3n Normal de Oaxaca (CRENO), hab\u00edan sido citados por el director del IEEPO, Emilio Montero P\u00e9rez, para recoger los materiales educativos y de limpieza.<\/p>\n\n\n\n<p>PARO DE 72 HORAS<\/p>\n\n\n\n<p>Sin embargo, fueron agredidos sin raz\u00f3n por elementos policiacos: \u201cEst\u00e1bamos dentro del almac\u00e9n con tres compa\u00f1eros viendo lo de la entrega, pero nos cambiaron informaci\u00f3n de momento; no nos dejaban salir, por lo cual mi compa\u00f1ero llam\u00f3 a los dem\u00e1s, porque no nos dejaban salir.<\/p>\n\n\n\n<p>\u201cEntonces de la nada se empezaron a escuchar golpes, gritos, empezaron a empujar la puerta del almac\u00e9n y empez\u00f3 a emanar el olor al gas; estaba el se\u00f1or Montero y otros, ellos fueron los que se comunicaron con la polic\u00eda\u201d, narr\u00f3 una estudiante en un mitin en el kiosco.<\/p>\n\n\n\n<p>Previo a ello, la dirigente de la Secci\u00f3n 22 del SNTE, Yenny Aracely P\u00e9rez, dio a conocer los nulos avances en la mesa de negociaci\u00f3n con el Gobierno del Estado, por lo cual seguir\u00e1n las movilizaciones.<\/p>\n\n\n\n<figure class=\"wp-block-embed\"><div class=\"wp-block-embed__wrapper\">\n<div class=\"twitter-tweet\"><blockquote class=\"twitter-tweet\" data-lang=\"es\"><p lang=\"es\" dir=\"ltr\">2. En el z\u00f3calo de la capital de Oaxaca, se concentran los normalistas presuntamente agredidos. <br>Precisan que hab\u00edan ido a recoger materiales, cuando fueron golpeados y detenidos. <br>Llega la dirigencia de la Secci\u00f3n 22 y los respalda. <br>Prev\u00e9n vandalizar el Palacio de Gobierno. <a href=\"https:\/\/t.co\/KtnbaXpHHd\">pic.twitter.com\/KtnbaXpHHd<\/a><\/p>&mdash; Zona Roja Oaxaca (@ZonaRoja_Oaxaca) <a href=\"https:\/\/twitter.com\/ZonaRoja_Oaxaca\/status\/1661208445297520640?ref_src=twsrc%5Etfw\">24 de mayo de 2023<\/a><\/blockquote><\/div>\n<\/div><\/figure>\n\n\n\n<p>\u201cCondenamos cualquier acto de represi\u00f3n contra los normalistas; a lo largo de la lucha magisterial de la Secci\u00f3n 22 hemos refrendado el compromiso y el acompa\u00f1amiento con la lucha del normalismo.<\/p>\n\n\n\n<p>\u201cAsimismo, desde esta estructura, reconocemos el esfuerzo, el compromiso, el esp\u00edritu de lucha de cada uno de ustedes. En estas 48 horas se ha demostrado la fuerza combativa de nuestra heroica Secci\u00f3n 22\u201d, dijo.<\/p>\n\n\n\n<p>Por ello, recalc\u00f3 que a pesar de que seis a\u00f1os pasaron sin informaci\u00f3n ni agitaci\u00f3n pol\u00edtica, hoy la gremial sale a las calles para exigir respeto a sus derechos sindicales.<\/p>\n\n\n\n<p>Adelanto que habr\u00e1 un paro de 72 horas de labores, cuya fecha se decidir\u00e1 en pr\u00f3xima Asamblea Estatal.&nbsp;<\/p>\n\n\n\n<p>Y USAN FUERZA P\u00daBLICA<\/p>\n\n\n\n<p>Apenas hab\u00eda terminado el mitin y se retiraba la dirigencia sindical, cuando los normalistas comenzaron a quemar basura y llantas en el exterior del Palacio de Gobierno.<\/p>\n\n\n\n<p>Tras ello, arribaron elementos de la Polic\u00eda Estatal, que con disparos de cartuchos de gas lacrim\u00f3geno disperso a los manifestantes, que corrieron por las calles y la mayor\u00eda se refugi\u00f3 en las oficinas de la Secci\u00f3n 22, en la calle de Armenta y L\u00f3pez.<\/p>\n\n\n\n<p>Tras ello, los estudiantes del CRENO emitieron un comunicado, en que reiteraron que hab\u00edan acudido de manera pac\u00edfica a recoger materiales de trabajo, que hab\u00eda comprometido el director del IEEPO, Emilio Montero, cuando fueron reprimidos en el almac\u00e9n ubicado en la agencia de Pueblo Nuevo.<\/p>\n\n\n\n<p>Hasta el momento el Gobierno del Estado no ha emitido ning\u00fan pronunciamiento.<\/p>\n\n\n\n<figure class=\"wp-block-embed\"><div class=\"wp-block-embed__wrapper\">\n<div class=\"twitter-tweet\"><blockquote class=\"twitter-tweet\" data-lang=\"es\"><p lang=\"es\" dir=\"ltr\">4. En respuesta, el <a href=\"https:\/\/twitter.com\/GobOax?ref_src=twsrc%5Etfw\">@goboax<\/a> que encabeza <a href=\"https:\/\/twitter.com\/salomonj?ref_src=twsrc%5Etfw\">@salomonj<\/a> ordena de nuevo represi\u00f3n policiaca contra normalistas y contra maestros de la Secci\u00f3n 22 del SNTE. <br>Otro 2006 se cierne en Oaxaca, ante ataques al magisterio. <br>La dirigencia de la gremial de repliega prepara acciones para\u2026 <a href=\"https:\/\/t.co\/7F2LMBg2Wm\">pic.twitter.com\/7F2LMBg2Wm<\/a><\/p>&mdash; Zona Roja Oaxaca (@ZonaRoja_Oaxaca) <a href=\"https:\/\/twitter.com\/ZonaRoja_Oaxaca\/status\/1661214136447926272?ref_src=twsrc%5Etfw\">24 de mayo de 2023<\/a><\/blockquote><\/div>\n<\/div><\/figure>\n","protected":false},"excerpt":{"rendered":"<p>Ismael Garc\u00eda M.\/Zona Roja. Oaxaca de Ju\u00e1rez, Oax., a 23 de mayo de 2023.- El&hellip;<\/p>\n","protected":false},"author":2,"featured_media":55590,"comment_status":"closed","ping_status":"open","sticky":false,"template":"","format":"standard","meta":{"_lmt_disableupdate":"","_lmt_disable":"","_jetpack_memberships_contains_paid_content":false,"footnotes":""},"categories":[109,47],"tags":[],"class_list":["post-55588","post","type-post","status-publish","format-standard","has-post-thumbnail","hentry","category-minuto-a-minuto","category-zona-gris"],"jetpack_featured_media_url":"https:\/\/zonaroja.com.mx\/wp-content\/uploads\/2023\/05\/img_9473.jpg","jetpack_sharing_enabled":true,"_links":{"self":[{"href":"https:\/\/zonaroja.com.mx\/index.php?rest_route=\/wp\/v2\/posts\/55588","targetHints":{"allow":["GET"]}}],"collection":[{"href":"https:\/\/zonaroja.com.mx\/index.php?rest_route=\/wp\/v2\/posts"}],"about":[{"href":"https:\/\/zonaroja.com.mx\/index.php?rest_route=\/wp\/v2\/types\/post"}],"author":[{"embeddable":true,"href":"https:\/\/zonaroja.com.mx\/index.php?rest_route=\/wp\/v2\/users\/2"}],"replies":[{"embeddable":true,"href":"https:\/\/zonaroja.com.mx\/index.php?rest_route=%2Fwp%2Fv2%2Fcomments&post=55588"}],"version-history":[{"count":1,"href":"https:\/\/zonaroja.com.mx\/index.php?rest_route=\/wp\/v2\/posts\/55588\/revisions"}],"predecessor-version":[{"id":55589,"href":"https:\/\/zonaroja.com.mx\/index.php?rest_route=\/wp\/v2\/posts\/55588\/revisions\/55589"}],"wp:featuredmedia":[{"embeddable":true,"href":"https:\/\/zonaroja.com.mx\/index.php?rest_route=\/wp\/v2\/media\/55590"}],"wp:attachment":[{"href":"https:\/\/zonaroja.com.mx\/index.php?rest_route=%2Fwp%2Fv2%2Fmedia&parent=55588"}],"wp:term":[{"taxonomy":"category","embeddable":true,"href":"https:\/\/zonaroja.com.mx\/index.php?rest_route=%2Fwp%2Fv2%2Fcategories&post=55588"},{"taxonomy":"post_tag","embeddable":true,"href":"https:\/\/zonaroja.com.mx\/index.php?rest_route=%2Fwp%2Fv2%2Ftags&post=55588"}],"curies":[{"name":"wp","href":"https:\/\/api.w.org\/{rel}","templated":true}]}}