{"id":55596,"date":"2023-05-24T08:13:51","date_gmt":"2023-05-24T13:13:51","guid":{"rendered":"http:\/\/www.zonaroja.com.mx\/?p=55596"},"modified":"2023-05-24T08:13:54","modified_gmt":"2023-05-24T13:13:54","slug":"asesinan-a-otro-periodista-en-mexico-es-el-tercer-homicidio-este-ano","status":"publish","type":"post","link":"https:\/\/zonaroja.com.mx\/?p=55596","title":{"rendered":"Asesinan a otro periodista en M\u00e9xico; es el tercer homicidio este a\u00f1o"},"content":{"rendered":"\n<p>Redacci\u00f3n\/Zona Roja Cdmx.<\/p>\n\n\n\n<p>Ciudad de M\u00e9xico, a 23 de mayo de 2023.- El periodista y exfuncionario municipal, Marco Aurelio Ram\u00edrez Hern\u00e1ndez, fue asesinado este martes a tiros en la ciudad de Tehuac\u00e1n, estado de Puebla, centro de M\u00e9xico, el tercero en lo que va de 2023, indicaron organizaciones de defensa de la libertad de expresi\u00f3n.<\/p>\n\n\n\n<p>Ram\u00edrez Hern\u00e1ndez, de 69 a\u00f1os, fue atacado a tiros cuando viajaba en su autom\u00f3vil tras haber dejado su domicilio, cuando hombres armados le dispararon en varias ocasiones, provocando su muerte.<\/p>\n\n\n\n<p>La organizaci\u00f3n Art\u00edculo 19 inform\u00f3 en redes sociales que documenta el asesinato de Ram\u00edrez Hern\u00e1ndez, de quien refiri\u00f3 \u00abfue periodista por casi 3 d\u00e9cadas; trabaj\u00f3 en varios medios, entre ellos Peri\u00f3dico Central y en 2018 labor\u00f3 en la Alcald\u00eda de Tehuac\u00e1n y recientemente ejerci\u00f3 como abogado y colaborando con algunos medios\u00bb.<\/p>\n\n\n\n<p>La ONG dijo que seg\u00fan informaci\u00f3n p\u00fablica, Ram\u00edrez Hern\u00e1ndez fue perseguido alrededor de la 13.30 hora local (19.30 GMT) por sujetos armados quienes dispararon a su veh\u00edculo, provocando que se impactara en las inmediaciones del fraccionamiento de Agua Blanca.<\/p>\n\n\n\n<p>Por el asesinato, Art\u00edculo 19 exigi\u00f3 a la Fiscal\u00eda de Puebla investigue el asesinato mediante el Protocolo Homologado contra delitos a la libertad de expresi\u00f3n, manteniendo abierta esta l\u00ednea de investigaci\u00f3n.<\/p>\n\n\n\n<p>Adem\u00e1s, llam\u00f3 al gobierno del estado de Puebla y Mecanismo de protecci\u00f3n para personas defensoras de derechos humanos y periodistas del Gobierno mexicano coordinarse y proteger a familiares y colegas de Marco.<\/p>\n\n\n\n<p>Mientras que Programa de las Am\u00e9ricas del Comit\u00e9 para la Protecci\u00f3n de los Periodistas (CPJ, en ingl\u00e9s) public\u00f3 que est\u00e1 enterado del asesinato de Ram\u00edrez Herrn\u00e1ndez, periodista y excorresponsal de Central Puebla, quien fue acribillado este martes en Tehuac\u00e1n, y est\u00e1 en este momento recaudando informaci\u00f3n sobre los hechos.<\/p>\n\n\n\n<p>Apenas el 11 de mayo, el periodista Gerardo Torres Renter\u00eda fue asesinado a balazos en el balneario de Acapulco, en el sure\u00f1o estado mexicano de Guerrero.<\/p>\n\n\n\n<p>La organizaci\u00f3n Alianza de Medios confirm\u00f3 el asesinato de Torres Renter\u00eda, quien fue corresponsal de la agencia Reuters y la empresa TV Azteca.<\/p>\n\n\n\n<p>Aunque todav\u00eda est\u00e1 pendiente la confirmaci\u00f3n de la vinculaci\u00f3n del crimen con su labor period\u00edstica, Torres Renter\u00eda es el segundo periodista asesinado en M\u00e9xico, en lo que va de 2023.<\/p>\n\n\n\n<p>Mientras que el pasado 12 de febrero, el periodista y activista de derechos humanos y ambientalista Abisa\u00ed P\u00e9rez Romero fue asesinado en Tula, en el c\u00e9ntrico estado de Hidalgo.<\/p>\n\n\n\n<p>En 2022, M\u00e9xico se apunt\u00f3 como el \u00abpa\u00eds en paz\u00bb m\u00e1s peligroso para la prensa, al concentrar el 20 % de los asesinatos de periodistas en el mundo, con 13 casos, seg\u00fan la organizaci\u00f3n Reporteros Sin Fronteras (RSF).<\/p>\n\n\n\n<p>De acuerdo con la organizaci\u00f3n Art\u00edculo 19, un total de 157 periodistas han sido asesinados en M\u00e9xico desde 2000 en posible relaci\u00f3n con su labor. De estos, 37 han ocurrido durante el actual mandato del presidente Andr\u00e9s Manuel L\u00f3pez Obrador, quien asumi\u00f3 el poder el 1 de diciembre de 2018.&nbsp;<\/p>\n\n\n\n<p>(Informaci\u00f3n de EFE en Infobae M\u00e9xico)<\/p>\n","protected":false},"excerpt":{"rendered":"<p>Redacci\u00f3n\/Zona Roja Cdmx. Ciudad de M\u00e9xico, a 23 de mayo de 2023.- El periodista y&hellip;<\/p>\n","protected":false},"author":2,"featured_media":55597,"comment_status":"closed","ping_status":"open","sticky":false,"template":"","format":"standard","meta":{"_lmt_disableupdate":"","_lmt_disable":"","_jetpack_memberships_contains_paid_content":false,"footnotes":""},"categories":[109,51],"tags":[1016,3557],"class_list":["post-55596","post","type-post","status-publish","format-standard","has-post-thumbnail","hentry","category-minuto-a-minuto","category-zona-roja","tag-asesinato-de-periodistas-en-mexico","tag-marco-aurelio-ramirez-hernandez"],"jetpack_featured_media_url":"https:\/\/zonaroja.com.mx\/wp-content\/uploads\/2023\/05\/Marco-Aurelio-Ramirez-periodista-Puebla.jpeg","jetpack_sharing_enabled":true,"_links":{"self":[{"href":"https:\/\/zonaroja.com.mx\/index.php?rest_route=\/wp\/v2\/posts\/55596","targetHints":{"allow":["GET"]}}],"collection":[{"href":"https:\/\/zonaroja.com.mx\/index.php?rest_route=\/wp\/v2\/posts"}],"about":[{"href":"https:\/\/zonaroja.com.mx\/index.php?rest_route=\/wp\/v2\/types\/post"}],"author":[{"embeddable":true,"href":"https:\/\/zonaroja.com.mx\/index.php?rest_route=\/wp\/v2\/users\/2"}],"replies":[{"embeddable":true,"href":"https:\/\/zonaroja.com.mx\/index.php?rest_route=%2Fwp%2Fv2%2Fcomments&post=55596"}],"version-history":[{"count":1,"href":"https:\/\/zonaroja.com.mx\/index.php?rest_route=\/wp\/v2\/posts\/55596\/revisions"}],"predecessor-version":[{"id":55599,"href":"https:\/\/zonaroja.com.mx\/index.php?rest_route=\/wp\/v2\/posts\/55596\/revisions\/55599"}],"wp:featuredmedia":[{"embeddable":true,"href":"https:\/\/zonaroja.com.mx\/index.php?rest_route=\/wp\/v2\/media\/55597"}],"wp:attachment":[{"href":"https:\/\/zonaroja.com.mx\/index.php?rest_route=%2Fwp%2Fv2%2Fmedia&parent=55596"}],"wp:term":[{"taxonomy":"category","embeddable":true,"href":"https:\/\/zonaroja.com.mx\/index.php?rest_route=%2Fwp%2Fv2%2Fcategories&post=55596"},{"taxonomy":"post_tag","embeddable":true,"href":"https:\/\/zonaroja.com.mx\/index.php?rest_route=%2Fwp%2Fv2%2Ftags&post=55596"}],"curies":[{"name":"wp","href":"https:\/\/api.w.org\/{rel}","templated":true}]}}