{"id":55602,"date":"2023-05-24T08:55:00","date_gmt":"2023-05-24T13:55:00","guid":{"rendered":"http:\/\/www.zonaroja.com.mx\/?p=55602"},"modified":"2023-05-24T08:54:33","modified_gmt":"2023-05-24T13:54:33","slug":"recriminan-organizaciones-sociales-desalojo-policiaco-de-normalistas","status":"publish","type":"post","link":"https:\/\/zonaroja.com.mx\/?p=55602","title":{"rendered":"Recriminan organizaciones sociales desalojo policiaco de normalistas"},"content":{"rendered":"\n<p>Ismael Garc\u00eda M.\/Zona Roja.<\/p>\n\n\n\n<p>Oaxaca de Ju\u00e1rez, Oax., a 24 de mayo de 2023.- Al menos una veintena de organizaciones sociales recrimin\u00f3 al gobierno de Oaxaca el uso de la fuerza p\u00fablica en contra de estudiantes normalistas, ocurrido anoche.<\/p>\n\n\n\n<p>Los elementos de la Polic\u00eda Estatal, de del Secretar\u00eda de Seguridad y Protecci\u00f3n Ciudadana, arribaron al z\u00f3calo con equipos antimotines y con disparos de cartuchos de gas lacrim\u00f3geno, retiraron a los escolares del Centro Regional de Educaci\u00f3n Normal de Oaxaca, que momentos antes quemaron llantas y basura en el exterior del Palacio de Gobierno, en protesta por la detenci\u00f3n de al menos tres de sus compa\u00f1eros.<\/p>\n\n\n\n<p>EXCESIVA FUERZA<\/p>\n\n\n\n<p>La Red Estatal de V\u00edctimas \u201cTom\u00e1s Mart\u00ednez\u201d, conformada por unas 10 agrupaciones, lament\u00f3 el uso de la fuerza p\u00fablica en contra de los normalistas:<\/p>\n\n\n\n<p>\u201cEl Gobierno del Estado, en lugar de buscar los canales para el di\u00e1logo, decidi\u00f3 nuevamente la utilizaci\u00f3n de las fuerzas policiales en contra de normalistas. No importando que a estas horas de la noche a\u00fan se encontrar\u00e1n familias con ni\u00f1os y adultos mayores, el z\u00f3calo se llen\u00f3 de humo de los gases lacrim\u00f3genos disparados por los polic\u00edas.<\/p>\n\n\n\n<p>\u201cEn el z\u00f3calo tambi\u00e9n coincid\u00edan otras protestas como las de grupos de maestros de los bachilleratos y algunas otras organizaciones. La utilizaci\u00f3n de la fuerza para disolver protestas sociales no es la primera vez durante el gobierno de Salom\u00f3n Jara y viene convirti\u00e9ndose en una actitud sistem\u00e1tica hacia movilizaciones que no tienen el oficio pol\u00edtico para atender\u201d, aseguraron.&nbsp;<\/p>\n\n\n\n<p>En un comunicado, denunciaron que duchas acciones \u201cson resultado de la falta de tacto pol\u00edtico del actual titular del Instituto Estatal de Educaci\u00f3n P\u00fablica de Oaxaca (IEEPO), Emilio Montero, y la falta de conocimiento de la realidad social por parte del titular de la Secretar\u00eda de Seguridad y Protecci\u00f3n Ciudadana\u201d.<\/p>\n\n\n\n<p>HUELE A ULISISMO<\/p>\n\n\n\n<p>Un pronunciamiento similar emiti\u00f3 el Frente de Organizaciones Oaxaque\u00f1as (FORO) que conden\u00f3 el ataque en contra de los estudiantes.<\/p>\n\n\n\n<p>\u201cA trav\u00e9s de videos difundidos en redes sociales se puede apreciar la manera en que elementos de la Polic\u00eda Estatal a bordo de camionetas oficiales interceptan un autob\u00fas en el que se trasladaban los estudiantes, someti\u00e9ndolos a golpes y arrodill\u00e1ndolos contra la pared, ultraj\u00e1ndoles en el piso.&nbsp;<\/p>\n\n\n\n<p>\u201cNo bastos con ello, en estos momentos la represi\u00f3n sigue d\u00e1ndose contra el movimiento normalista, pero ahora en el z\u00f3calo frente a palacio, donde los j\u00f3venes se manifestaban por los hechos de represi\u00f3n sufridos por la tarde de hoy.&nbsp;<\/p>\n\n\n\n<p>\u201c\u2018Nunca m\u00e1s se utilizar\u00e1 la polic\u00eda para reprimir al pueblo\u2019, eran las promesas de AMLO. Pero esta es al menos la tercera ocasi\u00f3n en que la Polic\u00eda Estatal agrede a integrantes del movimiento popular y detiene a activistas como ocurri\u00f3 con mujeres desplazadas Triquis de San Juan Copala, o contra ejidatarios Ayuuk del Campamento Tierra y Libertad en Mogo\u00f1\u00e9 Viejo, San Juan Guyichicovi, ahora es contra la Coordinadora Estudiantil Normalista del Estado de Oaxaca (CENEO)\u201d, expuso.&nbsp;<\/p>\n\n\n\n<p>A\u00f1adi\u00f3 que estas nuevas acciones represivas del gobierno se da despu\u00e9s del receso al paro de 48 horas del Movimiento Democr\u00e1tico de los Trabajadores de la Educaci\u00f3n en Oaxaca (MDTEO), al cual se sum\u00f3 la CENEO en leg\u00edtima exigencia de cumplimiento a sus demandas.<\/p>\n\n\n\n<p>\u201cComo organizaciones nos solidarizamos con las y los camaradas del MDTEO y CENEO que han realizado jornadas de movilizaci\u00f3n a nivel estatal y exigimos el cese a las acciones de hostigamiento, linchamiento medi\u00e1tico, criminalizaci\u00f3n &nbsp;y represi\u00f3n en contra del movimiento popular en su conjunto\u201d, detallaron.<\/p>\n\n\n\n<p>\u201cEstos hechos del Estado huelen a pr\u00e1cticas meramente ulisistas en aquel periodo del 2006.Y es por ello que desde el FORO seguimos llamando a construir la unidad con principios en base a la unidad en la acci\u00f3n para la defensa de los intereses de los trabajadores y los pueblos\u201d, expuso en su comunicado.<\/p>\n\n\n\n<p>LA VERSI\u00d3N OFICIAL<\/p>\n\n\n\n<p>Por su parte, en un bolet\u00edn de prensa emitido anoche, el Gobierno del Estado justific\u00f3 el hecho y consider\u00f3 que con la actuaci\u00f3n policiaca se desalentaron actos vand\u00e1licos de normalistas frente al Palacio de Gobierno.<\/p>\n\n\n\n<p>\u201cLos normalistas lanzaron un petardo contra elementos de la Polic\u00eda Estatal que resguardaban el Palacio de Gobierno.<\/p>\n\n\n\n<p>\u201cLa manifestaci\u00f3n de los estudiantes se gener\u00f3 como medida de protesta luego de que por la tarde, en una acci\u00f3n r\u00e1pida se impidi\u00f3 que realizaran actos vand\u00e1licos al exterior del almac\u00e9n del Instituto Estatal de Educaci\u00f3n P\u00fablica de Oaxaca (IEEPO), ubicado sobre la calle Benito Ju\u00e1rez n\u00famero 113 de la colonia Presidente de M\u00e9xico en la agencia municipal de Viguera.<\/p>\n\n\n\n<p>\u201cEl grupo de normalistas lleg\u00f3 a este lugar a bordo de un autob\u00fas del transporte urbano de la empresa Choferes del Sur con n\u00famero econ\u00f3mico A-027.<\/p>\n\n\n\n<p>\u201cAnte la agresividad mostrada por estas personas se implement\u00f3 el operativo de contenci\u00f3n, lo que provoc\u00f3 que se retiraran del lugar a bordo de la unidad en la cual arribaron.<\/p>\n\n\n\n<p>\u201cComo resultado del operativo la Polic\u00eda Estatal realiz\u00f3 la detenci\u00f3n de una persona del sexo masculino identificada con las iniciales M. H. de aproximadamente 30 a\u00f1os, quien fue puesta a disposici\u00f3n de la Fiscal\u00eda General del Estado de Oaxaca (FGEO) para lo correspondiente.<\/p>\n\n\n\n<p>\u201cAsimismo, personal de la Cruz Roja atendi\u00f3 a dos personas del sexo femenino que presentaron crisis nerviosa\u201d, indic\u00f3.<\/p>\n","protected":false},"excerpt":{"rendered":"<p>Ismael Garc\u00eda M.\/Zona Roja. Oaxaca de Ju\u00e1rez, Oax., a 24 de mayo de 2023.- Al&hellip;<\/p>\n","protected":false},"author":2,"featured_media":55604,"comment_status":"closed","ping_status":"open","sticky":false,"template":"","format":"standard","meta":{"_lmt_disableupdate":"","_lmt_disable":"","_jetpack_memberships_contains_paid_content":false,"footnotes":""},"categories":[109,47],"tags":[1916],"class_list":["post-55602","post","type-post","status-publish","format-standard","has-post-thumbnail","hentry","category-minuto-a-minuto","category-zona-gris","tag-protestas-estudiantes-normalistas-de-oaxaca"],"jetpack_featured_media_url":"https:\/\/zonaroja.com.mx\/wp-content\/uploads\/2023\/05\/Comunicado-organizaciones-sociales-caso-normalistas.jpg","jetpack_sharing_enabled":true,"_links":{"self":[{"href":"https:\/\/zonaroja.com.mx\/index.php?rest_route=\/wp\/v2\/posts\/55602","targetHints":{"allow":["GET"]}}],"collection":[{"href":"https:\/\/zonaroja.com.mx\/index.php?rest_route=\/wp\/v2\/posts"}],"about":[{"href":"https:\/\/zonaroja.com.mx\/index.php?rest_route=\/wp\/v2\/types\/post"}],"author":[{"embeddable":true,"href":"https:\/\/zonaroja.com.mx\/index.php?rest_route=\/wp\/v2\/users\/2"}],"replies":[{"embeddable":true,"href":"https:\/\/zonaroja.com.mx\/index.php?rest_route=%2Fwp%2Fv2%2Fcomments&post=55602"}],"version-history":[{"count":1,"href":"https:\/\/zonaroja.com.mx\/index.php?rest_route=\/wp\/v2\/posts\/55602\/revisions"}],"predecessor-version":[{"id":55605,"href":"https:\/\/zonaroja.com.mx\/index.php?rest_route=\/wp\/v2\/posts\/55602\/revisions\/55605"}],"wp:featuredmedia":[{"embeddable":true,"href":"https:\/\/zonaroja.com.mx\/index.php?rest_route=\/wp\/v2\/media\/55604"}],"wp:attachment":[{"href":"https:\/\/zonaroja.com.mx\/index.php?rest_route=%2Fwp%2Fv2%2Fmedia&parent=55602"}],"wp:term":[{"taxonomy":"category","embeddable":true,"href":"https:\/\/zonaroja.com.mx\/index.php?rest_route=%2Fwp%2Fv2%2Fcategories&post=55602"},{"taxonomy":"post_tag","embeddable":true,"href":"https:\/\/zonaroja.com.mx\/index.php?rest_route=%2Fwp%2Fv2%2Ftags&post=55602"}],"curies":[{"name":"wp","href":"https:\/\/api.w.org\/{rel}","templated":true}]}}