{"id":55606,"date":"2023-05-24T12:02:00","date_gmt":"2023-05-24T17:02:00","guid":{"rendered":"http:\/\/www.zonaroja.com.mx\/?p=55606"},"modified":"2023-05-24T14:56:16","modified_gmt":"2023-05-24T19:56:16","slug":"alerta-la-ddhpo-de-posible-enfrentamiento-entre-textititlan-y-teojomulco","status":"publish","type":"post","link":"https:\/\/zonaroja.com.mx\/?p=55606","title":{"rendered":"Alerta la DDHPO de posible enfrentamiento entre Textitl\u00e1n y Teojomulco"},"content":{"rendered":"\n<p>Redacci\u00f3n\/Zona Roja.<\/p>\n\n\n\n<p>Oaxaca de Ju\u00e1rez, Oax., a 24 de mayo de 2023.- &nbsp;La Defensor\u00eda de los Derechos Humanos del Pueblo de Oaxaca (DDHPO) emiti\u00f3 el 17 de mayo de este a\u00f1o una alerta temprana en la que advierte la posibilidad de que ocurran enfrentamientos violentos y se consumen actos graves o de imposible reparaci\u00f3n en perjuicio de habitantes del municipio de Santo Domingo Teojomulco y de las comunidades de Recibimiento de Cuauht\u00e9moc, R\u00edo Humo y Lachixao, pertenecientes al municipio de Santiago Textitl\u00e1n.<\/p>\n\n\n\n<p>Por ello, hizo un llamado a las autoridades de esas comunidades para que mediante el di\u00e1logo puedan alcanzar la soluci\u00f3n pac\u00edfica de los conflictos agrarios que generan tensi\u00f3n entre pobladores de las comunidades de Santiago Textitl\u00e1n y Santo Domingo Teojomulco.<\/p>\n\n\n\n<p>La instancia defensora dirigi\u00f3 su alerta temprana a la Secretar\u00eda de Gobierno (Sego), a la Secretar\u00eda de Seguridad y Protecci\u00f3n Ciudadana (SSPC) y a la Fiscal\u00eda General del Estado, as\u00ed como a los presidentes municipales de Santo Domingo Teojomulco y Santiago Textitl\u00e1n, adem\u00e1s de los agentes de Polic\u00eda de Recibimiento de Cuauht\u00e9moc, R\u00edo Humo y Lachixao.<\/p>\n\n\n\n<p>El organismo p\u00fablico aut\u00f3nomo advirti\u00f3 asimismo que, de ocurrir alg\u00fan enfrentamiento u otros actos graves o de imposible reparaci\u00f3n, generar\u00edan una serie de violaciones a derechos humanos, como lo ser\u00edan impedir el derecho al libre tr\u00e1nsito, a la legalidad y a la integridad personal, adem\u00e1s de que dichas violaciones afectar\u00edan tambi\u00e9n los derechos a la salud, a la educaci\u00f3n e inclusive a la vida de habitantes de las comunidades mencionadas.<\/p>\n\n\n\n<p>Previamente, la DDHPO requiri\u00f3 a la Sego colaborar para que mediante acciones pertinentes con base en el di\u00e1logo y la concertaci\u00f3n, en coordinaci\u00f3n con las instancias de gobierno que pudieran abonar en la atenci\u00f3n del caso, se atienda el conflicto que afecta las comunidades de Santiago Textitl\u00e1n y Santo Domingo Teojomulco.&nbsp;<\/p>\n\n\n\n<p>En cuanto a la SSPC, la Defensor\u00eda de los Derechos Humanos del Pueblo de Oaxaca le requiri\u00f3 que en coordinaci\u00f3n con las instancias del gobierno pertinentes, se establezca un plan de seguridad basado en el respecto a los derechos humanos y en especial los derechos normativos internos de ambas comunidades, con la finalidad de garantizar la seguridad, la paz social y el libre tr\u00e1nsito de los habitantes de las comunidades de Santiago Textitl\u00e1n y Santo Domingo Teojomulco, y dem\u00e1s personas que transiten por esa zona.<\/p>\n\n\n\n<p>Asimismo, el organismo p\u00fablico defensor de los derechos humanos hizo un llamado a las autoridades de los municipios de Santiago Textitl\u00e1n y Santo Domingo Teojomulco, para que antepongan el inter\u00e9s com\u00fan de la poblaci\u00f3n, y el di\u00e1logo como medio para solucionar el conflicto existente, velando siempre por el respeto de los derechos humanos.<\/p>\n\n\n\n<p>En tanto, la Defensor\u00eda de los Derechos Humanos del Pueblo de Oaxaca se mantendr\u00e1 atenta y vigilante de la situaci\u00f3n, realizando las acciones que en su \u00e1mbito se requieran para evitar violaciones a los derechos humanos de las y los pobladores de ambas comunidades.<\/p>\n\n\n\n<p>(Comunicado)<\/p>\n","protected":false},"excerpt":{"rendered":"<p>Redacci\u00f3n\/Zona Roja. Oaxaca de Ju\u00e1rez, Oax., a 24 de mayo de 2023.- &nbsp;La Defensor\u00eda de&hellip;<\/p>\n","protected":false},"author":2,"featured_media":55551,"comment_status":"closed","ping_status":"open","sticky":false,"template":"","format":"standard","meta":{"_lmt_disableupdate":"","_lmt_disable":"","_jetpack_memberships_contains_paid_content":false,"footnotes":""},"categories":[109,47],"tags":[286],"class_list":["post-55606","post","type-post","status-publish","format-standard","has-post-thumbnail","hentry","category-minuto-a-minuto","category-zona-gris","tag-defensoria-de-los-derechos-humanos-del-pueblo-de-oaxaca"],"jetpack_featured_media_url":"https:\/\/zonaroja.com.mx\/wp-content\/uploads\/2023\/05\/Defensoria-de-los-Derechos-Humanos-DDHPO.jpg","jetpack_sharing_enabled":true,"_links":{"self":[{"href":"https:\/\/zonaroja.com.mx\/index.php?rest_route=\/wp\/v2\/posts\/55606","targetHints":{"allow":["GET"]}}],"collection":[{"href":"https:\/\/zonaroja.com.mx\/index.php?rest_route=\/wp\/v2\/posts"}],"about":[{"href":"https:\/\/zonaroja.com.mx\/index.php?rest_route=\/wp\/v2\/types\/post"}],"author":[{"embeddable":true,"href":"https:\/\/zonaroja.com.mx\/index.php?rest_route=\/wp\/v2\/users\/2"}],"replies":[{"embeddable":true,"href":"https:\/\/zonaroja.com.mx\/index.php?rest_route=%2Fwp%2Fv2%2Fcomments&post=55606"}],"version-history":[{"count":2,"href":"https:\/\/zonaroja.com.mx\/index.php?rest_route=\/wp\/v2\/posts\/55606\/revisions"}],"predecessor-version":[{"id":55616,"href":"https:\/\/zonaroja.com.mx\/index.php?rest_route=\/wp\/v2\/posts\/55606\/revisions\/55616"}],"wp:featuredmedia":[{"embeddable":true,"href":"https:\/\/zonaroja.com.mx\/index.php?rest_route=\/wp\/v2\/media\/55551"}],"wp:attachment":[{"href":"https:\/\/zonaroja.com.mx\/index.php?rest_route=%2Fwp%2Fv2%2Fmedia&parent=55606"}],"wp:term":[{"taxonomy":"category","embeddable":true,"href":"https:\/\/zonaroja.com.mx\/index.php?rest_route=%2Fwp%2Fv2%2Fcategories&post=55606"},{"taxonomy":"post_tag","embeddable":true,"href":"https:\/\/zonaroja.com.mx\/index.php?rest_route=%2Fwp%2Fv2%2Ftags&post=55606"}],"curies":[{"name":"wp","href":"https:\/\/api.w.org\/{rel}","templated":true}]}}