{"id":55617,"date":"2023-05-24T15:26:23","date_gmt":"2023-05-24T20:26:23","guid":{"rendered":"http:\/\/www.zonaroja.com.mx\/?p=55617"},"modified":"2023-05-24T15:28:59","modified_gmt":"2023-05-24T20:28:59","slug":"acredita-tribunal-que-ediles-de-ocotlan-y-de-cuilapam-cometieron-violencia-politica-por-razon-de-genero","status":"publish","type":"post","link":"https:\/\/zonaroja.com.mx\/?p=55617","title":{"rendered":"Acredita Tribunal que ediles de Ocotl\u00e1n y de Cuil\u00e1pam cometieron violencia pol\u00edtica por raz\u00f3n de g\u00e9nero"},"content":{"rendered":"\n<p>Redacci\u00f3n\/Zona Roja.<\/p>\n\n\n\n<p>Oaxaca de Ju\u00e1rez, Oax., a 24 de mayo de 2023.- En sesi\u00f3n p\u00fablica, el Tribunal Electoral del Estado de Oaxaca (TEEO) declar\u00f3 la existencia de la violencia pol\u00edtica en raz\u00f3n de g\u00e9nero cometida por los presidentes municipales de Ocotl\u00e1n de Morelos y Cuil\u00e1pam de Guerrero, en contra de concejales de esos ayuntamientos.<\/p>\n\n\n\n<p>En el primero de estos, el pleno determin\u00f3, por unanimidad, que la violencia tambi\u00e9n fue realizada por el secretario municipal y la presidenta del DIF Municipal, cuyos actos tuvieron un impacto desproporcionado en las actoras, a partir del g\u00e9nero; al advertir un patr\u00f3n estereotipado, mensaje, valor, \u00edcono o s\u00edmbolo con carga de g\u00e9nero; que reprodujo dominaci\u00f3n, desigualdad o discriminaci\u00f3n entre hombres y mujeres.<\/p>\n\n\n\n<p>En la resoluci\u00f3n del juicio con clave CA\/84\/2023, orden\u00f3 establecer medidas de reparaci\u00f3n integral a cada una de las v\u00edctimas, para que estas puedan ejercer correctamente el encargo por el cual fueron electas y, con ello, dichas autoridad se abstengan de seguir ejerciendo violencia en contra de cada una de las concejales.<\/p>\n\n\n\n<p>Respecto al caso de Cuil\u00e1pam de Guerrero, el \u00f3rgano jurisdiccional acredit\u00f3 la violencia pol\u00edtica por raz\u00f3n de g\u00e9nero, atribuida al presidente municipal de esa localidad, en contra de una de las regidoras, a trav\u00e9s del Procedimiento Especial sancionador con clave PES\/88\/2022.<\/p>\n\n\n\n<p>Esta sentencia advirti\u00f3 que quedaron demostradas las irregularidades se\u00f1aladas por la quejosa, las cuales tuvieron con efecto invisibilizarla, al no ser convocada de manera formal a las sesiones de cabildo del Ayuntamiento.<\/p>\n\n\n\n<p>Adem\u00e1s, ser ignorada por el presidente municipal en sus intervenciones en sesiones de cabildo; no ser convocada a las actividades de trabajo relacionadas a la regidur\u00eda de turismo que ha realizado el Ayuntamiento; y que no ha obtenido respuesta a su plan de trabajo por parte de la autoridad se\u00f1alada.<\/p>\n","protected":false},"excerpt":{"rendered":"<p>Redacci\u00f3n\/Zona Roja. Oaxaca de Ju\u00e1rez, Oax., a 24 de mayo de 2023.- En sesi\u00f3n p\u00fablica,&hellip;<\/p>\n","protected":false},"author":2,"featured_media":45794,"comment_status":"closed","ping_status":"open","sticky":false,"template":"","format":"standard","meta":{"_lmt_disableupdate":"","_lmt_disable":"","_jetpack_memberships_contains_paid_content":false,"footnotes":""},"categories":[109,47],"tags":[],"class_list":["post-55617","post","type-post","status-publish","format-standard","has-post-thumbnail","hentry","category-minuto-a-minuto","category-zona-gris"],"jetpack_featured_media_url":"https:\/\/zonaroja.com.mx\/wp-content\/uploads\/2022\/09\/72ded558-4bc6-4675-99ad-84e27be7c020.jpg","jetpack_sharing_enabled":true,"_links":{"self":[{"href":"https:\/\/zonaroja.com.mx\/index.php?rest_route=\/wp\/v2\/posts\/55617","targetHints":{"allow":["GET"]}}],"collection":[{"href":"https:\/\/zonaroja.com.mx\/index.php?rest_route=\/wp\/v2\/posts"}],"about":[{"href":"https:\/\/zonaroja.com.mx\/index.php?rest_route=\/wp\/v2\/types\/post"}],"author":[{"embeddable":true,"href":"https:\/\/zonaroja.com.mx\/index.php?rest_route=\/wp\/v2\/users\/2"}],"replies":[{"embeddable":true,"href":"https:\/\/zonaroja.com.mx\/index.php?rest_route=%2Fwp%2Fv2%2Fcomments&post=55617"}],"version-history":[{"count":1,"href":"https:\/\/zonaroja.com.mx\/index.php?rest_route=\/wp\/v2\/posts\/55617\/revisions"}],"predecessor-version":[{"id":55618,"href":"https:\/\/zonaroja.com.mx\/index.php?rest_route=\/wp\/v2\/posts\/55617\/revisions\/55618"}],"wp:featuredmedia":[{"embeddable":true,"href":"https:\/\/zonaroja.com.mx\/index.php?rest_route=\/wp\/v2\/media\/45794"}],"wp:attachment":[{"href":"https:\/\/zonaroja.com.mx\/index.php?rest_route=%2Fwp%2Fv2%2Fmedia&parent=55617"}],"wp:term":[{"taxonomy":"category","embeddable":true,"href":"https:\/\/zonaroja.com.mx\/index.php?rest_route=%2Fwp%2Fv2%2Fcategories&post=55617"},{"taxonomy":"post_tag","embeddable":true,"href":"https:\/\/zonaroja.com.mx\/index.php?rest_route=%2Fwp%2Fv2%2Ftags&post=55617"}],"curies":[{"name":"wp","href":"https:\/\/api.w.org\/{rel}","templated":true}]}}