{"id":5562,"date":"2019-11-08T20:14:13","date_gmt":"2019-11-09T02:14:13","guid":{"rendered":"http:\/\/www.zonaroja.com.mx\/?p=5562"},"modified":"2019-11-08T20:20:52","modified_gmt":"2019-11-09T02:20:52","slug":"emboscada-en-coatlan-un-policia-muerto-y-tres-mas-lesionados-preliminar","status":"publish","type":"post","link":"https:\/\/zonaroja.com.mx\/?p=5562","title":{"rendered":"Emboscada en Coatl\u00e1n: un polic\u00eda muerto y tres m\u00e1s lesionados, preliminar"},"content":{"rendered":"\n<p>Redacci\u00f3n\/Zona Roja.<\/p>\n\n\n\n<p>Oaxaca de Ju\u00e1rez, Oax., 8 de noviembre\nde 2019.- Elementos de la Polic\u00eda Estatal de Oaxaca fueron atacados a balazos\nla tarde de hoy en San Vicente Coatl\u00e1n, Ejutla, cuyo saldo extraoficial es de\nun muerto y tres lesionados.<\/p>\n\n\n\n<p>De acuerdo con los primeros reportes,\nlos hechos sucedieron en el punto conocido como \u201cLa Cementera\u201d de dicho\nmunicipio, donde fueron agredidos los uniformados, cuando realizaban rondines\nde vigilancia, en dos patrullas con siete elementos a bordo, en las unidades\ncon n\u00famero econ\u00f3mico 1730 y 1718.<\/p>\n\n\n\n<p>De manera urgente solicitaron el apoyo de ambulancia, param\u00e9dicos y refuerzos, a fin de no sufrir m\u00e1s ataques. Hasta el momento la Secretar\u00eda de Seguridad P\u00fablica de Oaxaca no ha confirmado el n\u00famero de personas lesionadas.<\/p>\n\n\n\n<p><\/p>\n","protected":false},"excerpt":{"rendered":"<p>Redacci\u00f3n\/Zona Roja. Oaxaca de Ju\u00e1rez, Oax., 8 de noviembre de 2019.- Elementos de la Polic\u00eda&hellip;<\/p>\n","protected":false},"author":2,"featured_media":5563,"comment_status":"closed","ping_status":"open","sticky":false,"template":"","format":"standard","meta":{"_lmt_disableupdate":"","_lmt_disable":"","_jetpack_memberships_contains_paid_content":false,"footnotes":""},"categories":[109,51],"tags":[979],"class_list":["post-5562","post","type-post","status-publish","format-standard","has-post-thumbnail","hentry","category-minuto-a-minuto","category-zona-roja","tag-san-vicente-coatlan"],"jetpack_featured_media_url":"https:\/\/zonaroja.com.mx\/wp-content\/uploads\/2019\/11\/Polic\u00eda-Estatal-3.jpg","jetpack_sharing_enabled":true,"_links":{"self":[{"href":"https:\/\/zonaroja.com.mx\/index.php?rest_route=\/wp\/v2\/posts\/5562","targetHints":{"allow":["GET"]}}],"collection":[{"href":"https:\/\/zonaroja.com.mx\/index.php?rest_route=\/wp\/v2\/posts"}],"about":[{"href":"https:\/\/zonaroja.com.mx\/index.php?rest_route=\/wp\/v2\/types\/post"}],"author":[{"embeddable":true,"href":"https:\/\/zonaroja.com.mx\/index.php?rest_route=\/wp\/v2\/users\/2"}],"replies":[{"embeddable":true,"href":"https:\/\/zonaroja.com.mx\/index.php?rest_route=%2Fwp%2Fv2%2Fcomments&post=5562"}],"version-history":[{"count":2,"href":"https:\/\/zonaroja.com.mx\/index.php?rest_route=\/wp\/v2\/posts\/5562\/revisions"}],"predecessor-version":[{"id":5566,"href":"https:\/\/zonaroja.com.mx\/index.php?rest_route=\/wp\/v2\/posts\/5562\/revisions\/5566"}],"wp:featuredmedia":[{"embeddable":true,"href":"https:\/\/zonaroja.com.mx\/index.php?rest_route=\/wp\/v2\/media\/5563"}],"wp:attachment":[{"href":"https:\/\/zonaroja.com.mx\/index.php?rest_route=%2Fwp%2Fv2%2Fmedia&parent=5562"}],"wp:term":[{"taxonomy":"category","embeddable":true,"href":"https:\/\/zonaroja.com.mx\/index.php?rest_route=%2Fwp%2Fv2%2Fcategories&post=5562"},{"taxonomy":"post_tag","embeddable":true,"href":"https:\/\/zonaroja.com.mx\/index.php?rest_route=%2Fwp%2Fv2%2Ftags&post=5562"}],"curies":[{"name":"wp","href":"https:\/\/api.w.org\/{rel}","templated":true}]}}