{"id":55622,"date":"2023-05-24T20:50:49","date_gmt":"2023-05-25T01:50:49","guid":{"rendered":"http:\/\/www.zonaroja.com.mx\/?p=55622"},"modified":"2023-05-24T20:50:52","modified_gmt":"2023-05-25T01:50:52","slug":"controversia-por-desalojo-policiaco-de-normalistas-llega-al-congreso-de-oaxaca","status":"publish","type":"post","link":"https:\/\/zonaroja.com.mx\/?p=55622","title":{"rendered":"Controversia por desalojo policiaco de normalistas llega al Congreso de Oaxaca"},"content":{"rendered":"\n<p>Yuridiana Sosa\/Zona Roja.<\/p>\n\n\n\n<p>Oaxaca de Ju\u00e1rez, Oax., a 24 de mayo de 2023.- El uso de la fuerza p\u00fablica para desalojar a un grupo de normalistas del z\u00f3calo de la ciudad, ocupando gases lacrim\u00f3genos, lleg\u00f3 hasta el Congreso del Oaxaca durante la sesi\u00f3n de este mi\u00e9rcoles, en la que el PRI reprob\u00f3 la decisi\u00f3n y Morena defendi\u00f3.<\/p>\n\n\n\n<p>\u201cYo le pedir\u00eda (a Jes\u00fas Romero) que nos hablara con la verdad\u201d, exigi\u00f3 la diputada del PRI, Mar\u00eda Luisa Matus, luego que el secretario de Gobierno public\u00f3 en su cuenta de twitter que \u201canoche un grupo no identificado pretendi\u00f3 incendiar un veh\u00edculo de transporte p\u00fablico frente a palacio de gobierno\u201d, cuando dichas personas estaban identificadas como normalistas.<\/p>\n\n\n\n<p>De acuerdo con Romero L\u00f3pez, fue por ese motivo que \u201clas corporaciones de seguridad actuaron con los protocolos de seguridad y respeto a los derechos humanos para garantizar la paz social y respeto a la ley\u201d.<\/p>\n\n\n\n<p>La legisladora, primero reprob\u00f3 los actos vand\u00e1licos contra el patrimonio y particulares, y despu\u00e9s reproch\u00f3 el uso excesivo de la fuerza p\u00fablica, misma que ha ocupado el gobierno de Oaxaca, as\u00ed como ha utilizado grupos de choque para la resoluci\u00f3n de los diversos problemas.<\/p>\n\n\n\n<p>\u201cDemandamos en\u00e9rgicamente el di\u00e1logo para resolver todos los problemas que se presenten en Oaxaca, no es el uso de la fuerza p\u00fablica, es con el di\u00e1logo y m\u00e1s di\u00e1logo. Pero que nos hable con la verdad (Jes\u00fas Romero)\u201d, sentenci\u00f3 la diputada.<\/p>\n\n\n\n<p>En ese sentido, Matus llam\u00f3 al secretario de Gobierno a que asuma sus responsabilidades y atienda los problemas en el estado. \u201cTodos vimos por los videos que el grupo de normalistas denunciaba los actos ocurridos\u201d.<\/p>\n\n\n\n<p>\u201cNecesitamos que nos hablen con la verdad. Se necesita atender la agenda de riesgo que en Oaxaca predomina\u201d, se\u00f1al\u00f3 la legisladora durante su intervenci\u00f3n en asuntos generales.<\/p>\n\n\n\n<p>MORENA DEFIENDE<\/p>\n\n\n\n<p>Minutos antes, la diputada por Morena, Hayde\u00e9 Reyes Soto, coincidi\u00f3 con la decisi\u00f3n del gobierno de Oaxaca sobre los normalistas para mantener la paz.<\/p>\n\n\n\n<p>Luego de leer el mensaje de Romero L\u00f3pez sobre los hechos y el motivo del uso de la fuerza policial, la legisladora se sum\u00f3 a la determinaci\u00f3n \u201cporque los oaxaque\u00f1os no queremos m\u00e1s desestabilizaci\u00f3n o que existan ese tipo de circunstancias. Sino lo que queremos es fomentar la paz y eso implica el di\u00e1logo\u201d.<\/p>\n\n\n\n<p>As\u00ed como agreg\u00f3 que la postura del gobierno de Oaxaca es cuidar y mantener la paz y por ello tiene que hacer uso del estado de derecho.&nbsp;<\/p>\n\n\n\n<p>Ambas intervenciones en tribuna durante la sesi\u00f3n de la Diputaci\u00f3n Permanente, ocurrieron en Asuntos Generales.<\/p>\n","protected":false},"excerpt":{"rendered":"<p>Yuridiana Sosa\/Zona Roja. Oaxaca de Ju\u00e1rez, Oax., a 24 de mayo de 2023.- El uso&hellip;<\/p>\n","protected":false},"author":2,"featured_media":55623,"comment_status":"closed","ping_status":"open","sticky":false,"template":"","format":"standard","meta":{"_lmt_disableupdate":"","_lmt_disable":"","_jetpack_memberships_contains_paid_content":false,"footnotes":""},"categories":[109,46],"tags":[2743],"class_list":["post-55622","post","type-post","status-publish","format-standard","has-post-thumbnail","hentry","category-minuto-a-minuto","category-zona-blanca","tag-65-legislatura-del-estado-de-oaxaca"],"jetpack_featured_media_url":"https:\/\/zonaroja.com.mx\/wp-content\/uploads\/2023\/05\/Maria-Luisa-Matus-y-Haydee-Reyes-.jpg","jetpack_sharing_enabled":true,"_links":{"self":[{"href":"https:\/\/zonaroja.com.mx\/index.php?rest_route=\/wp\/v2\/posts\/55622","targetHints":{"allow":["GET"]}}],"collection":[{"href":"https:\/\/zonaroja.com.mx\/index.php?rest_route=\/wp\/v2\/posts"}],"about":[{"href":"https:\/\/zonaroja.com.mx\/index.php?rest_route=\/wp\/v2\/types\/post"}],"author":[{"embeddable":true,"href":"https:\/\/zonaroja.com.mx\/index.php?rest_route=\/wp\/v2\/users\/2"}],"replies":[{"embeddable":true,"href":"https:\/\/zonaroja.com.mx\/index.php?rest_route=%2Fwp%2Fv2%2Fcomments&post=55622"}],"version-history":[{"count":1,"href":"https:\/\/zonaroja.com.mx\/index.php?rest_route=\/wp\/v2\/posts\/55622\/revisions"}],"predecessor-version":[{"id":55624,"href":"https:\/\/zonaroja.com.mx\/index.php?rest_route=\/wp\/v2\/posts\/55622\/revisions\/55624"}],"wp:featuredmedia":[{"embeddable":true,"href":"https:\/\/zonaroja.com.mx\/index.php?rest_route=\/wp\/v2\/media\/55623"}],"wp:attachment":[{"href":"https:\/\/zonaroja.com.mx\/index.php?rest_route=%2Fwp%2Fv2%2Fmedia&parent=55622"}],"wp:term":[{"taxonomy":"category","embeddable":true,"href":"https:\/\/zonaroja.com.mx\/index.php?rest_route=%2Fwp%2Fv2%2Fcategories&post=55622"},{"taxonomy":"post_tag","embeddable":true,"href":"https:\/\/zonaroja.com.mx\/index.php?rest_route=%2Fwp%2Fv2%2Ftags&post=55622"}],"curies":[{"name":"wp","href":"https:\/\/api.w.org\/{rel}","templated":true}]}}