{"id":55628,"date":"2023-05-24T21:31:26","date_gmt":"2023-05-25T02:31:26","guid":{"rendered":"http:\/\/www.zonaroja.com.mx\/?p=55628"},"modified":"2023-05-24T21:31:29","modified_gmt":"2023-05-25T02:31:29","slug":"miercoles-fatal-3-asesinados-a-balazos-en-oaxaca-y-2-heridos-en-ataques-armados","status":"publish","type":"post","link":"https:\/\/zonaroja.com.mx\/?p=55628","title":{"rendered":"Mi\u00e9rcoles fatal: 3 asesinados a balazos en Oaxaca y 2 heridos en ataques armados"},"content":{"rendered":"\n<p>Ismael Garc\u00eda M.\/Zona Roja.<\/p>\n\n\n\n<p>Oaxaca de Ju\u00e1rez, Oax., a 24 de mayo de 2023.- Al menos tres personas fueron asesinadas en Oaxaca este mi\u00e9rcoles y dos m\u00e1s resultaron lesionadas, en ataques armados distintos.<\/p>\n\n\n\n<p>Esta tarde, en la carretera federal 200, en jurisdicci\u00f3n de Santiago Jamiltepec, regi\u00f3n de la Costa, fue asesinada una persona identificada de manera preliminar como \u201cEl Checo\u201d, repartidor de tortillas en motocicleta.<\/p>\n\n\n\n<p>Hasta el momento se desconoce qui\u00e9n o qui\u00e9nes lo ultimaron a balazos y no se reportan personas detenidas.<\/p>\n\n\n\n<p>Mientras que en Fresnillo de Trujano, municipio de la regi\u00f3n Mixteca del estado, hallaron un cuerpo sin vida, con varios impactos de bala.<\/p>\n\n\n\n<p>El crimen se registr\u00f3 en la comunidad de Barranca Honda y la v\u00edctima respondi\u00f3 en vida al nombre de Jes\u00fas R. M.; tambi\u00e9n se desconoce a\u00fan el m\u00f3vil del crimen.<\/p>\n\n\n\n<p>Y por la ma\u00f1ana, en un basurero del municipio de El Barrio de la Soledad, regi\u00f3n del Istmo, fue hallado un cad\u00e1ver con disparos de arma de fuego. La v\u00edctima s\u00f3lo se sabe que le dec\u00edan \u201cEl G\u00fcero\u201d, pero a\u00fan no ha sido identificada legalmente como tampoco hay pistas del o los probables delincuentes.<\/p>\n\n\n\n<p>Mientras que esta tarde-noche, en jurisdicci\u00f3n de Santa Mar\u00eda Atzompa fue lesionado de bala un adolescente de 14 a\u00f1os de edad; la v\u00edctima fue identificada como V\u00edctor V. R., vecino de la colonia La Ca\u00f1adita y fue trasladado a un hospital de la capital.<\/p>\n\n\n\n<p>Horas antes, en la colonia Benito Ju\u00e1rez de Santo Domingo Tehuantepec, regi\u00f3n del Istmo, fue atacado a balazos un mototaxistas, quien fue identificado como Gabino H. G., de 25 a\u00f1os de edad, y trasladado a un hospital, donde lo reportan delicado de salud.<\/p>\n","protected":false},"excerpt":{"rendered":"<p>Ismael Garc\u00eda M.\/Zona Roja. Oaxaca de Ju\u00e1rez, Oax., a 24 de mayo de 2023.- Al&hellip;<\/p>\n","protected":false},"author":2,"featured_media":47151,"comment_status":"closed","ping_status":"open","sticky":false,"template":"","format":"standard","meta":{"_lmt_disableupdate":"","_lmt_disable":"","_jetpack_memberships_contains_paid_content":false,"footnotes":""},"categories":[109,47],"tags":[964],"class_list":["post-55628","post","type-post","status-publish","format-standard","has-post-thumbnail","hentry","category-minuto-a-minuto","category-zona-gris","tag-violencia-oaxaca"],"jetpack_featured_media_url":"https:\/\/zonaroja.com.mx\/wp-content\/uploads\/2022\/10\/Delitos-violencia-homicidios-asesinatos-Oaxaca.jpg","jetpack_sharing_enabled":true,"_links":{"self":[{"href":"https:\/\/zonaroja.com.mx\/index.php?rest_route=\/wp\/v2\/posts\/55628","targetHints":{"allow":["GET"]}}],"collection":[{"href":"https:\/\/zonaroja.com.mx\/index.php?rest_route=\/wp\/v2\/posts"}],"about":[{"href":"https:\/\/zonaroja.com.mx\/index.php?rest_route=\/wp\/v2\/types\/post"}],"author":[{"embeddable":true,"href":"https:\/\/zonaroja.com.mx\/index.php?rest_route=\/wp\/v2\/users\/2"}],"replies":[{"embeddable":true,"href":"https:\/\/zonaroja.com.mx\/index.php?rest_route=%2Fwp%2Fv2%2Fcomments&post=55628"}],"version-history":[{"count":1,"href":"https:\/\/zonaroja.com.mx\/index.php?rest_route=\/wp\/v2\/posts\/55628\/revisions"}],"predecessor-version":[{"id":55629,"href":"https:\/\/zonaroja.com.mx\/index.php?rest_route=\/wp\/v2\/posts\/55628\/revisions\/55629"}],"wp:featuredmedia":[{"embeddable":true,"href":"https:\/\/zonaroja.com.mx\/index.php?rest_route=\/wp\/v2\/media\/47151"}],"wp:attachment":[{"href":"https:\/\/zonaroja.com.mx\/index.php?rest_route=%2Fwp%2Fv2%2Fmedia&parent=55628"}],"wp:term":[{"taxonomy":"category","embeddable":true,"href":"https:\/\/zonaroja.com.mx\/index.php?rest_route=%2Fwp%2Fv2%2Fcategories&post=55628"},{"taxonomy":"post_tag","embeddable":true,"href":"https:\/\/zonaroja.com.mx\/index.php?rest_route=%2Fwp%2Fv2%2Ftags&post=55628"}],"curies":[{"name":"wp","href":"https:\/\/api.w.org\/{rel}","templated":true}]}}